{"id":10966,"date":"2016-10-13T17:00:38","date_gmt":"2016-10-13T16:00:38","guid":{"rendered":"http:\/\/www.rcn-radio.org\/?p=10966"},"modified":"2016-10-14T11:57:37","modified_gmt":"2016-10-14T10:57:37","slug":"laissez-senvoler-les-reves","status":"publish","type":"post","link":"http:\/\/www.rcn-radio.org\/index.php\/laissez-senvoler-les-reves\/","title":{"rendered":"Laissez s&rsquo;envoler les r\u00eaves"},"content":{"rendered":"<p style=\"text-align: justify;\"><strong>Depuis 2001, la Cie de th\u00e9\u00e2tre de rue Cr\u00e9ton&rsquo;Art fait bouger les territoires et s&rsquo;entrechoquer les imaginaires de leurs habitants pour mieux les faire dialoguer ensemble.<\/strong><\/p>\n<p style=\"text-align: justify;\">D&rsquo;octobre \u00e0 d\u00e9cembre 2015, le <strong>Plateau de Haye<\/strong> a \u00e9t\u00e9 l&rsquo;objet de leurs exp\u00e9rimentations pleines de douceur et de po\u00e9sie dans le cadre d&rsquo;un partenariat avec la <strong>MJC Massinon<\/strong> \u00e0 Max\u00e9ville. Ainsi les habitants des trois communes du quartier (Laxou, Max\u00e9ville, Nancy) ont vu d\u00e9bouler un Monsieur et une Madame R\u00eave au m\u00e9tier bien \u00e9trange. Habill\u00e9s de blouses bleues sur lesquelles des nuages flottent, ils ont sillonn\u00e9 \u00e9coles, march\u00e9s et autres espaces publics et ont r\u00e9colt\u00e9 environ 3 000 r\u00eaves. Sur des queues de cerfs volants pr\u00eates \u00e0 s&rsquo;\u00e9lever dans les airs, les habitants du Plateau de Haye ont \u00e9crit leurs espoirs les plus fous&#8230;<\/p>\n<p style=\"text-align: justify;\"><strong>Du 10 au 21 octobre prochains<\/strong>, Monsieur et Madame R\u00eave poursuivent leur collecte de r\u00eave sous une forme l\u00e9g\u00e8rement diff\u00e9rente, plus participative encore avec le <strong>\u00ab\u00a0minist\u00e8re des r\u00eaves\u00a0\u00bb<\/strong> : \u00ab\u00a0le premier objectif est de collecter des r\u00eaves mais aussi d\u2019offrir la possibilit\u00e9 \u00e0 chaque r\u00eaveur de se placer, le temps d\u2019un moment, dans la peau d\u2019un ministre. Les com\u00e9diens proposent, en fonction du r\u00eave, que la personne \u00e9crive, en tant que ministre provisoire, la premi\u00e8re d\u00e9cision \u00e0 prendre pour que ce r\u00eave ait une chance d\u2019aboutir, de se r\u00e9aliser. Le minist\u00e8re peut donc \u00eatre r\u00e9el ou imaginaire\u00a0\u00bb. A l&rsquo;issue des \u00e9lections l\u00e9gislatives de 2017, l&rsquo;ensemble de ces v\u0153ux et dol\u00e9ances seront pr\u00e9sent\u00e9s aux nouveaux \u00e9lus de l\u2019Assembl\u00e9e Nationale, en pr\u00e9sence de r\u00eaveurs et de ministres \u00e9ph\u00e9m\u00e8res, venus du Plateau de Haye.<\/p>\n<p style=\"text-align: justify;\">Le samedi 15 octobre, dans les cadres des Escapades du Festival Micht\u00f4, la Compagnie sera pr\u00e9sente \u00e0 l&rsquo;\u00e9cole Jules Romain sur le quartier Champ-le-B\u0153uf de Max\u00e9ville. Ici l&rsquo;interview de Didier Jaunet, l&rsquo;un des Monsieurs R\u00eaves de la Compagnie :<\/p>\n<!--[if lt IE 9]><script>document.createElement('audio');<\/script><![endif]-->\n<audio class=\"wp-audio-shortcode\" id=\"audio-10966-1\" preload=\"none\" style=\"width: 100%;\" controls=\"controls\"><source type=\"audio\/mpeg\" src=\"http:\/\/www.rcn-radio.org\/wp-content\/uploads\/2016\/10\/Cr\u00e9tonArt-itw-M.-Reve.mp3?_=1\" \/><a href=\"http:\/\/www.rcn-radio.org\/wp-content\/uploads\/2016\/10\/Cr\u00e9tonArt-itw-M.-Reve.mp3\">http:\/\/www.rcn-radio.org\/wp-content\/uploads\/2016\/10\/Cr\u00e9tonArt-itw-M.-Reve.mp3<\/a><\/audio>\n<p style=\"text-align: justify;\">Alors ne r\u00e9primez aucun r\u00eave et si vous croisez Monsieur et Madame R\u00eave, confiez leur le votre&#8230; Il pourrait aller loin !<\/p>\n","protected":false},"excerpt":{"rendered":"<p>Depuis 2001, la Cie de th\u00e9\u00e2tre de rue Cr\u00e9ton&rsquo;Art fait bouger les territoires et s&rsquo;entrechoquer les imaginaires de leurs habitants pour mieux les faire dialoguer ensemble. D&rsquo;octobre \u00e0 d\u00e9cembre 2015, le Plateau de Haye a \u00e9t\u00e9 l&rsquo;objet de leurs exp\u00e9rimentations pleines de douceur et de po\u00e9sie dans le cadre d&rsquo;un partenariat avec la MJC Massinon [&hellip;]<\/p>\n","protected":false},"author":1,"featured_media":10978,"comment_status":"open","ping_status":"open","sticky":false,"template":"","format":"standard","meta":[],"categories":[7],"tags":[],"_links":{"self":[{"href":"http:\/\/www.rcn-radio.org\/index.php\/wp-json\/wp\/v2\/posts\/10966"}],"collection":[{"href":"http:\/\/www.rcn-radio.org\/index.php\/wp-json\/wp\/v2\/posts"}],"about":[{"href":"http:\/\/www.rcn-radio.org\/index.php\/wp-json\/wp\/v2\/types\/post"}],"author":[{"embeddable":true,"href":"http:\/\/www.rcn-radio.org\/index.php\/wp-json\/wp\/v2\/users\/1"}],"replies":[{"embeddable":true,"href":"http:\/\/www.rcn-radio.org\/index.php\/wp-json\/wp\/v2\/comments?post=10966"}],"version-history":[{"count":3,"href":"http:\/\/www.rcn-radio.org\/index.php\/wp-json\/wp\/v2\/posts\/10966\/revisions"}],"predecessor-version":[{"id":11023,"href":"http:\/\/www.rcn-radio.org\/index.php\/wp-json\/wp\/v2\/posts\/10966\/revisions\/11023"}],"wp:featuredmedia":[{"embeddable":true,"href":"http:\/\/www.rcn-radio.org\/index.php\/wp-json\/wp\/v2\/media\/10978"}],"wp:attachment":[{"href":"http:\/\/www.rcn-radio.org\/index.php\/wp-json\/wp\/v2\/media?parent=10966"}],"wp:term":[{"taxonomy":"category","embeddable":true,"href":"http:\/\/www.rcn-radio.org\/index.php\/wp-json\/wp\/v2\/categories?post=10966"},{"taxonomy":"post_tag","embeddable":true,"href":"http:\/\/www.rcn-radio.org\/index.php\/wp-json\/wp\/v2\/tags?post=10966"}],"curies":[{"name":"wp","href":"https:\/\/api.w.org\/{rel}","templated":true}]}}