{"id":11820,"date":"2017-05-17T09:29:56","date_gmt":"2017-05-17T08:29:56","guid":{"rendered":"http:\/\/www.rcn-radio.org\/?p=11820"},"modified":"2018-04-17T11:22:00","modified_gmt":"2018-04-17T10:22:00","slug":"radio-college-sur-nrj-nancy","status":"publish","type":"post","link":"http:\/\/www.rcn-radio.org\/index.php\/radio-college-sur-nrj-nancy\/","title":{"rendered":"Radio Coll\u00e8ge sur NRJ Nancy"},"content":{"rendered":"<p>Les reporters de Radio Coll\u00e8ge, l&rsquo;\u00e9mission r\u00e9alis\u00e9e dans le cadre des ateliers radio avec le Coll\u00e8ge Claude le Lorrain, sont pass\u00e9s sur NRJ lundi 15 mai dernier. La semaine pr\u00e9c\u00e9dente au coll\u00e8ge, ils avaient eu la visite de R\u00e9gis Blavier, journaliste NRJ Nancy, qui pour changer s&rsquo;est pli\u00e9 \u00e0 l&rsquo;exercice de l&rsquo;interview. Pendant une heure, il a r\u00e9pondu aux questions des coll\u00e9giens sur son m\u00e9tier. A l&rsquo;issue de cette rencontre, les r\u00f4les ont \u00e9t\u00e9 invers\u00e9s et ce sont deux \u00e9l\u00e8ves, Marwa et Anis, qui sont pass\u00e9s au micro.<\/p>\n<!--[if lt IE 9]><script>document.createElement('audio');<\/script><![endif]-->\n<audio class=\"wp-audio-shortcode\" id=\"audio-11820-1\" preload=\"none\" style=\"width: 100%;\" controls=\"controls\"><source type=\"audio\/mpeg\" src=\"http:\/\/www.rcn-radio.org\/wp-content\/uploads\/2017\/05\/MarwaRCN.mp3?_=1\" \/><a href=\"http:\/\/www.rcn-radio.org\/wp-content\/uploads\/2017\/05\/MarwaRCN.mp3\">http:\/\/www.rcn-radio.org\/wp-content\/uploads\/2017\/05\/MarwaRCN.mp3<\/a><\/audio>\n<audio class=\"wp-audio-shortcode\" id=\"audio-11820-2\" preload=\"none\" style=\"width: 100%;\" controls=\"controls\"><source type=\"audio\/mpeg\" src=\"http:\/\/www.rcn-radio.org\/wp-content\/uploads\/2017\/05\/AnisRCN.mp3?_=2\" \/><a href=\"http:\/\/www.rcn-radio.org\/wp-content\/uploads\/2017\/05\/AnisRCN.mp3\">http:\/\/www.rcn-radio.org\/wp-content\/uploads\/2017\/05\/AnisRCN.mp3<\/a><\/audio>\n","protected":false},"excerpt":{"rendered":"<p>Les reporters de Radio Coll\u00e8ge, l&rsquo;\u00e9mission r\u00e9alis\u00e9e dans le cadre des ateliers radio avec le Coll\u00e8ge Claude le Lorrain, sont pass\u00e9s sur NRJ lundi 15 mai dernier. La semaine pr\u00e9c\u00e9dente au coll\u00e8ge, ils avaient eu la visite de R\u00e9gis Blavier, journaliste NRJ Nancy, qui pour changer s&rsquo;est pli\u00e9 \u00e0 l&rsquo;exercice de l&rsquo;interview. Pendant une heure, [&hellip;]<\/p>\n","protected":false},"author":14,"featured_media":11824,"comment_status":"open","ping_status":"open","sticky":false,"template":"","format":"standard","meta":[],"categories":[7],"tags":[115,113,116,112,104,114],"_links":{"self":[{"href":"http:\/\/www.rcn-radio.org\/index.php\/wp-json\/wp\/v2\/posts\/11820"}],"collection":[{"href":"http:\/\/www.rcn-radio.org\/index.php\/wp-json\/wp\/v2\/posts"}],"about":[{"href":"http:\/\/www.rcn-radio.org\/index.php\/wp-json\/wp\/v2\/types\/post"}],"author":[{"embeddable":true,"href":"http:\/\/www.rcn-radio.org\/index.php\/wp-json\/wp\/v2\/users\/14"}],"replies":[{"embeddable":true,"href":"http:\/\/www.rcn-radio.org\/index.php\/wp-json\/wp\/v2\/comments?post=11820"}],"version-history":[{"count":1,"href":"http:\/\/www.rcn-radio.org\/index.php\/wp-json\/wp\/v2\/posts\/11820\/revisions"}],"predecessor-version":[{"id":11823,"href":"http:\/\/www.rcn-radio.org\/index.php\/wp-json\/wp\/v2\/posts\/11820\/revisions\/11823"}],"wp:featuredmedia":[{"embeddable":true,"href":"http:\/\/www.rcn-radio.org\/index.php\/wp-json\/wp\/v2\/media\/11824"}],"wp:attachment":[{"href":"http:\/\/www.rcn-radio.org\/index.php\/wp-json\/wp\/v2\/media?parent=11820"}],"wp:term":[{"taxonomy":"category","embeddable":true,"href":"http:\/\/www.rcn-radio.org\/index.php\/wp-json\/wp\/v2\/categories?post=11820"},{"taxonomy":"post_tag","embeddable":true,"href":"http:\/\/www.rcn-radio.org\/index.php\/wp-json\/wp\/v2\/tags?post=11820"}],"curies":[{"name":"wp","href":"https:\/\/api.w.org\/{rel}","templated":true}]}}