{"id":12028,"date":"2017-08-03T07:38:13","date_gmt":"2017-08-03T06:38:13","guid":{"rendered":"http:\/\/www.rcn-radio.org\/?p=12028"},"modified":"2018-04-17T11:07:53","modified_gmt":"2018-04-17T10:07:53","slug":"undon","status":"publish","type":"post","link":"http:\/\/www.rcn-radio.org\/index.php\/undon\/","title":{"rendered":"Soutenez RCN pour r\u00e9pondre au besoin de lien social"},"content":{"rendered":"<p>Avec vous, RCN va f\u00eater ses 30 ans avec le souhait de poursuivre &#8211; au moins aussi longtemps &#8211; son projet d\u2019agitateur d\u2019id\u00e9es, de lanceur de d\u00e9bats, de cr\u00e9ateur de lien.<\/p>\n<p>En effet, si le d\u00e9bat est notre culture, le lien social est notre priorit\u00e9. Pour continuer \u00e0 exister sur un territoire comme le sud Meurthe-Moselle, nous avons men\u00e9 depuis un an une vaste consultation, entre questionnaire grand public et apart\u00e9s individuels\u00a0: autant de moyens d\u2019\u00eatre \u00e0 l\u2019\u00e9coute des attentes et des besoins.<\/p>\n<p>Vos conclusions nous conduisent \u00e0 r\u00e9inventer notre outil de production et de diffusion.<\/p>\n<p>Si le poste TSF a gard\u00e9 ses vertus vintages, l\u2019outil m\u00e9diatique, son usage et sa fonction, ont quant \u00e0 eux \u00e9volu\u00e9.<\/p>\n<p><strong>Si la radio est toujours \u00e9cout\u00e9e, on la c\u00f4toie maintenant sur son smartphone ou tout autre objet connect\u00e9\u00a0; on interagit avec elle via les multiples r\u00e9seaux sociaux. On veut surtout pouvoir interagir avec notre radio, notre \u00e9mission, partout et tout le temps. ON veut aussi la voir !<\/strong><\/p>\n<p>Il y a 30 ans, RCN \u00e9tait con\u00e7ue et accueillie au Buisson ardent. L\u2019enfant a grandi. L\u2019adolescent a \u00e9t\u00e9 tonique. Aujourd\u2019hui, le bel adulte va poursuivre sa voie (voix) sur un nouveau terrain d\u2019expression, dans de vastes locaux propos\u00e9s par l\u2019office m\u00e9tropolitain d\u2019habitat du Grand Nancy (OMH du Grand Nancy). Pas trop loin du berceau quand m\u00eame\u2026 Toujours situ\u00e9 sur le plateau de Haye.<br \/>\nFid\u00e8le \u00e0 ses valeurs d\u2019origine (mixit\u00e9, pluralit\u00e9 et impertinence), RCN ouvre un nouvel espace de d\u00e9bats, d\u2019\u00e9changes, de rencontres des cultures\u00a0: <strong>une agora des diff\u00e9rences.<\/strong><\/p>\n<p>Le studio s\u2019agrandit pour accueillir des conf\u00e9rences et un lieu d\u2019exposition, y compris num\u00e9rique, avec des possibilit\u00e9s de retransmissions audiovisuelles.<\/p>\n<p>Face au d\u00e9fi de l\u2019\u00e9ducation des m\u00e9dias, la radio pourra aussi devenir un lieu d\u2019initiation et de formation \u00e0 la parole publique \u00e0 l\u2019usage des m\u00e9dias.<\/p>\n<p>&nbsp;<\/p>\n<p>Pour mener \u00e0 bien ce projet de mutation, nous avons besoin de vous. <span style=\"color: #ff0000;\"><strong>Ainsi, vous rendez possible l&rsquo;expression des diff\u00e9rences, qui ouvre \u00e0 un dialogue, premi\u00e8re condition du vivre ensemble ! <\/strong><\/span><\/p>\n<p>&nbsp;<\/p>\n<p>Pour faire un don, c&rsquo;est simple. Il suffit de remplir le formulaire ci dessous pour un don par carte bleue (Site s\u00e9curis\u00e9) ou envoyer un ch\u00e8que \u00e0 la radio (1249 rue R. Pinchard-54000 Nancy)<\/p>\n<p>Merci \u00e0 vous. On compte sur vous !<\/p>\n<p>Christophe Chevard\u00e9, Pr\u00e9sident<\/p>\n<p>et toute l&rsquo;\u00e9quipe de RCN<\/p>\n<p>&nbsp;<\/p>\n<p><iframe loading=\"lazy\" id=\"haWidget\" style=\"width: 800px; height: 750px; border: none;\" src=\"https:\/\/www.donnerenligne.fr\/rcn-radio-caraib-nancy\/faire-un-don\/2\" width=\"300\" height=\"150\"><\/iframe>Propuls\u00e9 par <a href=\"https:\/\/www.helloasso.com\" rel=\"nofollow\">HelloAsso<\/a><\/p>\n","protected":false},"excerpt":{"rendered":"<p>Avec vous, RCN va f\u00eater ses 30 ans avec le souhait de poursuivre &#8211; au moins aussi longtemps &#8211; son projet d\u2019agitateur d\u2019id\u00e9es, de lanceur de d\u00e9bats, de cr\u00e9ateur de lien. En effet, si le d\u00e9bat est notre culture, le lien social est notre priorit\u00e9. Pour continuer \u00e0 exister sur un territoire comme le sud [&hellip;]<\/p>\n","protected":false},"author":1,"featured_media":0,"comment_status":"open","ping_status":"open","sticky":false,"template":"","format":"standard","meta":[],"categories":[7],"tags":[],"_links":{"self":[{"href":"http:\/\/www.rcn-radio.org\/index.php\/wp-json\/wp\/v2\/posts\/12028"}],"collection":[{"href":"http:\/\/www.rcn-radio.org\/index.php\/wp-json\/wp\/v2\/posts"}],"about":[{"href":"http:\/\/www.rcn-radio.org\/index.php\/wp-json\/wp\/v2\/types\/post"}],"author":[{"embeddable":true,"href":"http:\/\/www.rcn-radio.org\/index.php\/wp-json\/wp\/v2\/users\/1"}],"replies":[{"embeddable":true,"href":"http:\/\/www.rcn-radio.org\/index.php\/wp-json\/wp\/v2\/comments?post=12028"}],"version-history":[{"count":8,"href":"http:\/\/www.rcn-radio.org\/index.php\/wp-json\/wp\/v2\/posts\/12028\/revisions"}],"predecessor-version":[{"id":12038,"href":"http:\/\/www.rcn-radio.org\/index.php\/wp-json\/wp\/v2\/posts\/12028\/revisions\/12038"}],"wp:attachment":[{"href":"http:\/\/www.rcn-radio.org\/index.php\/wp-json\/wp\/v2\/media?parent=12028"}],"wp:term":[{"taxonomy":"category","embeddable":true,"href":"http:\/\/www.rcn-radio.org\/index.php\/wp-json\/wp\/v2\/categories?post=12028"},{"taxonomy":"post_tag","embeddable":true,"href":"http:\/\/www.rcn-radio.org\/index.php\/wp-json\/wp\/v2\/tags?post=12028"}],"curies":[{"name":"wp","href":"https:\/\/api.w.org\/{rel}","templated":true}]}}