{"id":27098,"date":"2023-11-27T21:37:20","date_gmt":"2023-11-27T20:37:20","guid":{"rendered":"http:\/\/www.rcn-radio.org\/?p=27098"},"modified":"2023-12-01T12:44:31","modified_gmt":"2023-12-01T11:44:31","slug":"27098","status":"publish","type":"post","link":"http:\/\/www.rcn-radio.org\/index.php\/27098\/","title":{"rendered":"Coproduction R\u00e9gion Grand Est, consacr\u00e9e \u00e0 L&rsquo;internat \u00e0 1\u20ac"},"content":{"rendered":"\n<p><\/p>\n\n\n\n<div class=\"wp-block-media-text alignwide is-stacked-on-mobile\"><figure class=\"wp-block-media-text__media\"><img decoding=\"async\" loading=\"lazy\" width=\"1024\" height=\"682\" src=\"http:\/\/www.rcn-radio.org\/wp-content\/uploads\/2023\/11\/INTERNAT-1E-C-WILLER-ELUE-Photo-1024x682.jpg\" alt=\"\" class=\"wp-image-27107 size-full\" srcset=\"http:\/\/www.rcn-radio.org\/wp-content\/uploads\/2023\/11\/INTERNAT-1E-C-WILLER-ELUE-Photo-1024x682.jpg 1024w, http:\/\/www.rcn-radio.org\/wp-content\/uploads\/2023\/11\/INTERNAT-1E-C-WILLER-ELUE-Photo-300x200.jpg 300w, http:\/\/www.rcn-radio.org\/wp-content\/uploads\/2023\/11\/INTERNAT-1E-C-WILLER-ELUE-Photo-768x512.jpg 768w, http:\/\/www.rcn-radio.org\/wp-content\/uploads\/2023\/11\/INTERNAT-1E-C-WILLER-ELUE-Photo-1536x1024.jpg 1536w, http:\/\/www.rcn-radio.org\/wp-content\/uploads\/2023\/11\/INTERNAT-1E-C-WILLER-ELUE-Photo-1320x880.jpg 1320w, http:\/\/www.rcn-radio.org\/wp-content\/uploads\/2023\/11\/INTERNAT-1E-C-WILLER-ELUE-Photo.jpg 1601w\" sizes=\"(max-width: 1024px) 100vw, 1024px\" \/><\/figure><div class=\"wp-block-media-text__content\">\n<h2><em><strong>Christ\u00e8le WILLER, vous \u00eates vice-pr\u00e9sidente de la R\u00e9gion Grand Est, en d\u00e9l\u00e9gation des Lyc\u00e9es et de l\u2019Education. Madame WILLER, bonjour.<\/strong><\/em><\/h2>\n<\/div><\/div>\n\n\n\n<p><\/p>\n\n\n\n<figure class=\"wp-block-audio\"><audio controls src=\"http:\/\/www.rcn-radio.org\/wp-content\/uploads\/2023\/11\/INTERNAT-1E-C-WILLER-ELUE-Podcast.mp3\"><\/audio><figcaption class=\"wp-element-caption\">Interview de Christ\u00e8le WILLER, vice-pr\u00e9sidente de la R\u00e9gion Grand Est, en d\u00e9l\u00e9gation des Lyc\u00e9es et de l\u2019\u00c9ducation<\/figcaption><\/figure>\n\n\n\n<h2><em><strong>Depuis cette rentr\u00e9e scolaire, la R\u00e9gion Grand Est a voulu favoriser l\u2019\u00e9galit\u00e9 sociale et g\u00e9ographique, avec cette mesure forte&nbsp;: l\u2019internat \u00e0 1\u20ac.<\/strong><\/em><\/h2>\n\n\n\n<h2><strong>Bonjour.<\/strong><\/h2>\n\n\n\n<h4>Oui, tout \u00e0 fait. On a voulu l&rsquo;\u00e9galit\u00e9 des chances en mati\u00e8re d&rsquo;\u00e9ducation. C&rsquo;est vraiment ce qui nous a guid\u00e9, le Conseil R\u00e9gional en cette nouvelle ann\u00e9e scolaire. Nous avons voulu l&rsquo;internat \u00e0 1\u20ac pour que nos \u00e9l\u00e8ves puissent choisir leur orientation. Le but est vraiment de faciliter les mobilit\u00e9s et de ne pas avoir l&rsquo;orientation qui est subie. Ainsi, nos \u00e9l\u00e8ves peuvent faire le choix qu&rsquo;ils souhaitent de leur formation.<\/h4>\n\n\n\n<h2><em><strong>Une mobilit\u00e9 facilit\u00e9e et l\u2019opportunit\u00e9 de choisir une formation en relation avec des m\u00e9tiers en tension.<\/strong><\/em><\/h2>\n\n\n\n<h4>Nous savons qu&rsquo;actuellement, nous avons beaucoup de m\u00e9tiers en tension. Les lyc\u00e9es professionnels sont cibl\u00e9s. C&rsquo;est vrai qu&rsquo;avec ce choix d\u2019internat \u00e0 1\u20ac, c&rsquo;\u00e9tait aussi l&rsquo;id\u00e9e que dans la ruralit\u00e9, nos \u00e9l\u00e8ves puissent aller un peu plus loin et faire le choix de ces m\u00e9tiers qu&rsquo;ils souhaitent, mais \u00e9galement des m\u00e9tiers en tension.<\/h4>\n\n\n\n<h2><em><strong>Autre point, que vous souhaitez aborder, celui de l\u2019aide \u00e0 la cantine qui est renforc\u00e9e.<\/strong><\/em><\/h2>\n\n\n\n<h4>L&rsquo;aide \u00e0 la cantine est pass\u00e9e de 0,55 centimes \u00e0 0,80 centimes. La R\u00e9gion Grand-Est accompagne la cantine \u00e0 plus de 50% sur la totalit\u00e9 du co\u00fbt du repas pour faire en sorte que nos lyc\u00e9ens puissent manger une alimentation correcte et durable.<\/h4>\n\n\n\n<h2><em><strong>Un ordinateur pour chaque lyc\u00e9en, c\u2019est plus de 64 000 ordinateurs distribu\u00e9s depuis la rentr\u00e9e scolaire.<\/strong><\/em><\/h2>\n\n\n\n<h4>Oui, nous avons continu\u00e9 le lyc\u00e9e 4.0. Les ordinateurs, pour rappel, sont mis \u00e0 disposition gratuitement \u00e0 tous nos lyc\u00e9ens. C&rsquo;est aussi une aide pour le budget des familles. Comme vous l&rsquo;avez dit, c&rsquo;est 64\u202f000 ordinateurs cette ann\u00e9e. Et puis, depuis 2017, c&rsquo;est 385\u202f000 ordinateurs qui ont \u00e9t\u00e9 mis \u00e0 disposition des \u00e9l\u00e8ves.<\/h4>\n\n\n\n<h2><em><strong>Un chiffre cl\u00e9, plus d\u2019un milliard consacr\u00e9 \u00e0 la jeunesse dans le budget 2023 de la R\u00e9gion, dont plus de 700 millions pour les lyc\u00e9es. Pour vous, le lyc\u00e9e du futur doit \u00eatre durable, sobre et \u00e9conome.<\/strong><\/em><\/h2>\n\n\n\n<h4>Le lyc\u00e9e du futur ne part pas de rien. Nous sommes d\u00e9j\u00e0 dans une d\u00e9marche mais cette ann\u00e9e, nous avons souhait\u00e9 faire une ann\u00e9e de consultation. Nous sommes partis sur quatre axes. C&rsquo;est un lyc\u00e9e que nous voulons qui participe au bien- \u00eatre des \u00e9l\u00e8ves et \u00e0 celui de la communaut\u00e9 \u00e9ducative, un lyc\u00e9e qui pr\u00e9pare l&rsquo;avenir, un lyc\u00e9e ancr\u00e9 sur son territoire, un lyc\u00e9e acteur de la transition \u00e9cologique puisque c&rsquo;est aussi une de nos grandes th\u00e9matiques. Donc toute cette ann\u00e9e, nous allons avoir une consultation, que ce soit avec les \u00e9l\u00e8ves, les professeurs, nos agents qui travaillent dans les lyc\u00e9es, pour voir comment ils voient le lyc\u00e9e du futur, comment ils voient le demain pour travailler dans ces lyc\u00e9es.<\/h4>\n\n\n\n<h2><em><strong>En conclusion, au sujet de ce slogan, \u00ab&nbsp;Un avenir sans frein, le Grand Est, b\u00e2tisseur de destins&nbsp;\u00bb, vous en dites quoi&nbsp;?<\/strong><\/em><\/h2>\n\n\n\n<h4>Nous sommes l\u00e0 pour l&rsquo;avenir de nos jeunes. Toutes les politiques que nous mettons en place, c&rsquo;est pour am\u00e9liorer le quotidien, leur bien- \u00eatre, mais \u00e9galement leur formation du futur.<\/h4>\n\n\n\n<h2><em><strong>C\u2019\u00e9tait Christ\u00e8le WILLER, vice-pr\u00e9sidente de la R\u00e9gion Grand Est, au sujet de l\u2019internat \u00e0 1\u20ac et des lyc\u00e9es. Une coproduction des radios associatives, avec le soutien de la R\u00e9gion Grand Est.<\/strong><\/em><\/h2>\n\n\n\n<!--nextpage-->\n\n\n\n<h2><\/h2>\n\n\n\n<div class=\"wp-block-media-text alignwide is-stacked-on-mobile\" style=\"grid-template-columns:48% auto\"><figure class=\"wp-block-media-text__media\"><img decoding=\"async\" loading=\"lazy\" width=\"753\" height=\"1024\" src=\"http:\/\/www.rcn-radio.org\/wp-content\/uploads\/2023\/11\/Georges-Lubrano-Proviseur-3-scaled-e1701121256266-753x1024.jpg\" alt=\"\" class=\"wp-image-27111 size-full\" srcset=\"http:\/\/www.rcn-radio.org\/wp-content\/uploads\/2023\/11\/Georges-Lubrano-Proviseur-3-scaled-e1701121256266-753x1024.jpg 753w, http:\/\/www.rcn-radio.org\/wp-content\/uploads\/2023\/11\/Georges-Lubrano-Proviseur-3-scaled-e1701121256266-221x300.jpg 221w, http:\/\/www.rcn-radio.org\/wp-content\/uploads\/2023\/11\/Georges-Lubrano-Proviseur-3-scaled-e1701121256266-768x1044.jpg 768w, http:\/\/www.rcn-radio.org\/wp-content\/uploads\/2023\/11\/Georges-Lubrano-Proviseur-3-scaled-e1701121256266.jpg 1120w\" sizes=\"(max-width: 753px) 100vw, 753px\" \/><\/figure><div class=\"wp-block-media-text__content\">\n<h2> La R\u00e9gion Grand-Est adoptait en juin dernier le plan r\u00e9gional pour la restauration et l&rsquo;h\u00e9bergement scolaires, afin de permettre \u00e0 tous l&rsquo;acc\u00e8s \u00e0 l&rsquo;\u00e9ducation et \u00e0 la formation. Parmi les mesures mises en place&nbsp;: l&rsquo;h\u00e9bergement en internat \u00e0 1\u20ac, destin\u00e9 \u00e0 l&rsquo;ensemble des lyc\u00e9ens du secteur public. Pour en parler, monsieur Georges Lubrano, proviseur du lyc\u00e9e Jean-Moulin de Revin dans les Ardennes.<\/h2>\n\n\n\n<p><\/p>\n\n\n\n<p><\/p>\n<\/div><\/div>\n\n\n\n<figure class=\"wp-block-audio\"><audio controls src=\"http:\/\/www.rcn-radio.org\/wp-content\/uploads\/2023\/11\/INTERNAT-1E-PROVISEUR-Podcast.mp3\"><\/audio><figcaption class=\"wp-element-caption\">Interview de monsieur Georges Lubrano, proviseur du lyc\u00e9e Jean-Moulin de Revin dans les Ardennes.<\/figcaption><\/figure>\n\n\n\n<h2><strong>\u00c0 quel type d&rsquo;\u00e9l\u00e8ves est destin\u00e9 cette mesure&nbsp;?<\/strong><\/h2>\n\n\n\n<h4>\u00c0 tous nos \u00e9l\u00e8ves. C&rsquo;est la r\u00e9ponse que je vous ferais parce que d&rsquo;abord ce n&rsquo;est pas \u00e9tablissement qui ferme ses portes et met des crit\u00e8res de s\u00e9lection l\u00e0-dessus&nbsp;: c&rsquo;est \u00e0 tous les \u00e9l\u00e8ves qui souhaitent \u00eatre dans les dispositions d&rsquo;un accompagnement, par exemple&nbsp;; des \u00e9l\u00e8ves qui souhaitent \u00eatre au calme pour pouvoir avoir tous les \u00e9l\u00e9ments \u00e0 disposition pour suivre leurs \u00e9tudes, qui n&rsquo;ont pas forc\u00e9ment besoin de nous, mais qui ont besoin de cette structure&nbsp;; il y a des \u00e9l\u00e8ves qui ont envie de la vie en collectivit\u00e9, en groupe, ou bien alors de faire des activit\u00e9s qu&rsquo;ils ne pourraient pas forc\u00e9ment faire \u00e0 l&rsquo;ext\u00e9rieur.<\/h4>\n\n\n\n<h2><strong>Concr\u00e8tement au niveau du lyc\u00e9e qu&rsquo;est-ce que \u00e7a a chang\u00e9&nbsp;?<\/strong><\/h2>\n\n\n\n<h4>\u00c9coutez, je vais vous donner deux chiffres. Deux nombres, plus exactement, c&rsquo;est les nombres d&rsquo;\u00e9l\u00e8ves qui ont fr\u00e9quent\u00e9 l&rsquo;internat. Trente-neuf \u00e9l\u00e8ves il y a deux ans, et nous sommes \u00e0 54 \u00e9l\u00e8ves \u00e0 ce jour. Effectivement c&rsquo;est une augmentation des effectifs. Avec des effets qui sont d\u00fb au cadre de vie que l&rsquo;on a am\u00e9lior\u00e9, nous pourrons en reparler, et \u00e0 la politique de la R\u00e9gion qui nous permet d&rsquo;avoir des jeunes qui n&rsquo;auraient pas fr\u00e9quent\u00e9 ou difficilement un \u00e9tablissement avec un internat, par le co\u00fbt. Un Euro la nuit\u00e9e \u2013 la nuit\u00e9e \u2013, \u00e7a permet \u00e0 des familles de faire venir leurs jeunes de lieux un peu plus \u00e9loign\u00e9s.<\/h4>\n\n\n\n<h2><strong>C&rsquo;est le cas, chez vous&nbsp;? Il y a des jeunes qui viennent de l&rsquo;ext\u00e9rieur de Revin&nbsp;?<\/strong><\/h2>\n\n\n\n<h4>Bien s\u00fbr. C&rsquo;est une majorit\u00e9, d\u00e9j\u00e0&nbsp;! Nous avons des jeunes qui viennent de Charleville-M\u00e9zi\u00e8res, des jeunes qui viennent de Rethel, des jeunes qui viennent de Reims. Donc effectivement nous touchons au niveau g\u00e9ographique des jeunes de l&rsquo;ensemble de l&rsquo;acad\u00e9mie. Mais pas seulement. Nous avons des jeunes qui viennent de Revin, parce que \u00e7a permet de mieux les suivre. Alors pourquoi viennent-ils de Revin, ou de Rocroi, alors qu&rsquo;il y a des bus \u2013 10 minutes \u2013&nbsp;? D&rsquo;abord parce qu&rsquo;il y a un suivi avec eux, personnalis\u00e9. Et pourquoi les parents acceptaient-ils de payer un surplus alors qu&rsquo;ils habitent \u00e0 10 minutes&nbsp;? Mais ils ne payent pas ce surplus parce que justement il y a cette aide qui permet \u00e0 des jeunes&#8230; On sait que l&rsquo;internat c&rsquo;est des jeunes qui en ont besoin. Et donc la famille est plus \u00e0 m\u00eame de venir, d&rsquo;accepter, que de dire \u00ab&nbsp;non, \u00e7a nous reviendrait trop cher&nbsp;\u00bb.<\/h4>\n\n\n\n<h2><strong>Et \u00e7a permet aux jeunes d&rsquo;avoir un cadre, de se lever tous les matins \u00e0 la m\u00eame heure, et de ne pas rater le r\u00e9veil&nbsp;!<\/strong><\/h2>\n\n\n\n<h4>Quelque part oui&nbsp;! (rires) Nous sommes vigilants l\u00e0-dessus, il y a des Assistants d&rsquo;\u00e9ducation qui sont l\u00e0 pour assurer la s\u00e9curit\u00e9, la vie de l&rsquo;internat, qui les connaissances. Gar\u00e7ons, filles, ils ont leur Assistant d&rsquo;\u00e9ducation et qui permet d&rsquo;avoir un petit peur ce rythme. C&rsquo;est pour \u00e7a que nous avons demand\u00e9 \u00e0 des \u00e9l\u00e8ves de rester. Mais il n&rsquo;y a pas que le rythme, pour \u00e9viter certains d\u00e9crochages&nbsp;! Il y a aussi l&rsquo;encadrement plus scolaire, l&rsquo;aide aux devoirs, par exemple, faire en sorte qu&rsquo;un jeune puisse acc\u00e9der \u00e0 la documentation qu&rsquo;il n&rsquo;a pas forc\u00e9ment chez lui \u2013 CDI. Tout \u00e7a sont des \u00e9l\u00e9ments qui, si l&rsquo;internat n&rsquo;\u00e9taient pas accessible, ne permettraient pas \u00e0 ces jeunes qui sont en situation en difficult\u00e9&#8230; Mais il y a d&rsquo;autres jeunes qui ont besoin d&rsquo;un soutien mais ne l&rsquo;auront pas forc\u00e9ment, ou pas l&rsquo;envie. Donc effectivement l&rsquo;\u00e9quipe d&rsquo;encadrement est l\u00e0 pour assurer la vie de l&rsquo;internat mais aussi pour aider, aiguiller les \u00e9l\u00e8ves au niveau de leur scolarit\u00e9 et de maintenir le cap qu&rsquo;ils se sont fix\u00e9s dans leur formation.<\/h4>\n\n\n\n<h2><strong>Merci monsieur Lubrano d&rsquo;avoir r\u00e9pondu \u00e0 nos questions. <\/strong>C\u2019\u00e9tait une coproduction des radios associatives avec le soutien de la R\u00e9gion Grand Est.<\/h2>\n\n\n\n<h2><\/h2>\n\n\n\n<h2><\/h2>\n\n\n\n<!--nextpage-->\n\n\n\n<div class=\"wp-block-media-text alignwide is-stacked-on-mobile is-vertically-aligned-top\" style=\"grid-template-columns:43% auto\"><figure class=\"wp-block-media-text__media\"><img decoding=\"async\" loading=\"lazy\" width=\"960\" height=\"640\" src=\"http:\/\/www.rcn-radio.org\/wp-content\/uploads\/2023\/11\/Photo_Lycee_REVIN.jpg\" alt=\"\" class=\"wp-image-27110 size-full\" srcset=\"http:\/\/www.rcn-radio.org\/wp-content\/uploads\/2023\/11\/Photo_Lycee_REVIN.jpg 960w, http:\/\/www.rcn-radio.org\/wp-content\/uploads\/2023\/11\/Photo_Lycee_REVIN-300x200.jpg 300w, http:\/\/www.rcn-radio.org\/wp-content\/uploads\/2023\/11\/Photo_Lycee_REVIN-768x512.jpg 768w\" sizes=\"(max-width: 960px) 100vw, 960px\" \/><\/figure><div class=\"wp-block-media-text__content\">\n<h2>La R\u00e9gion Grand-Est adoptait en juin dernier le plan r\u00e9gional pour la restauration et l&rsquo;h\u00e9bergement scolaires, afin de permettre \u00e0 tous l&rsquo;acc\u00e8s \u00e0 l&rsquo;\u00e9ducation et \u00e0 la formation. Parmi les mesures mises en place&nbsp;: l&rsquo;h\u00e9bergement en internat \u00e0 1\u20ac, destin\u00e9 \u00e0 l&rsquo;ensemble des lyc\u00e9ens du secteur public. Pour en parler, madame Fanny BOUDSOCQ, parent d&rsquo;un \u00e9l\u00e8ve interne au lyc\u00e9e Jean-Moulin de Revin, dans les Ardennes.<\/h2>\n<\/div><\/div>\n\n\n\n<p><\/p>\n\n\n\n<figure class=\"wp-block-audio\"><audio controls src=\"http:\/\/www.rcn-radio.org\/wp-content\/uploads\/2023\/11\/INTERNAT-1E-PARENT-ELEVE-Podcast.mp3\"><\/audio><figcaption class=\"wp-element-caption\">Interview de madame Fanny BOUDSOCQ, parent d&rsquo;un \u00e9l\u00e8ve interne au lyc\u00e9e Jean-Moulin de Revin, dans les Ardennes.<\/figcaption><\/figure>\n\n\n\n<p><\/p>\n\n\n\n<h2><strong>Comment avez-vous eu connaissance de ce nouveau dispotif de l&rsquo;internat \u00e0 1\u20ac&nbsp;?<\/strong><\/h2>\n\n\n\n<h4>Quand nous avons \u00e9t\u00e9 visiter l&rsquo;\u00e9cole pour le gamin.<\/h4>\n\n\n\n<h2><strong>Qu&rsquo;est-ce que vous en avez pens\u00e9&nbsp;?<\/strong><\/h2>\n\n\n\n<h4>C&rsquo;est super, franchement l&rsquo;encadrement&#8230; Ils nous ont fait visiter, ils nous ont tout montr\u00e9 et franchement l&rsquo;encadrement, rien \u00e0 leur dire, tout est vraiment impeccable&nbsp;!<\/h4>\n\n\n\n<h2><strong>Qu&rsquo;avez-vous pens\u00e9 quand on vous a annonc\u00e9 le prix de l&rsquo;internat \u00e0 1\u20ac par mois l&rsquo;h\u00e9bergement&nbsp;?<\/strong><\/h2>\n\n\n\n<h4>Ah nous \u00e9tions contents&nbsp;! (rires) \u00c7a fait du bien parce que, ce n&rsquo;est pas donn\u00e9, un internat&nbsp;!<\/h4>\n\n\n\n<h2><strong>Votre enfant aurait pu \u00eatre \u00e0 l&rsquo;internat sans ce dispositif&nbsp;?<\/strong><\/h2>\n\n\n\n<h4>Eh bien&#8230; oui, enfin&#8230; J&rsquo;ai d\u00fb le mettre \u00e0 l&rsquo;internat parce que les trajets en train tous les jours ne sont pas \u00e9vidents, parce que \u00e7a fait de la fatigue, et ils ne sont pas au top pour faire leurs \u00e9tudes, quoi. Il aurait fallu que je m&rsquo;arrange pour payer&#8230; Je payais tous les mois&nbsp;! L\u00e0, c&rsquo;est vrai, \u00e7a nous soulage, \u00e7a nous enl\u00e8ve une \u00e9pine du pied&nbsp;!<\/h4>\n\n\n\n<h2><strong>Vous voyez d\u00e9j\u00e0 le r\u00e9sultat sur votre budget&nbsp;?<\/strong><\/h2>\n\n\n\n<h4>Oui, automatiquement&nbsp;! Je ne me souviens plus \u00e0 quel prix \u00e9tait la nuit, mais nous \u00e9tions bien dans les environs de 150 \u00e0 200\u20ac parce que \u00e7a d\u00e9pend du trimestre, ce n&rsquo;est pas le m\u00eame prix tous les trimestres.<\/h4>\n\n\n\n<h2><strong>Vous sentez votre enfant moins fatigu\u00e9, \u00e7a marche pour lui, l&rsquo;internat&nbsp;?<\/strong><\/h2>\n\n\n\n<h4>Ah oui, oui&nbsp;! Il n&rsquo;est pas fatigu\u00e9, il est au top dans sa scolarit\u00e9, donc oui, il y a une grande diff\u00e9rence&nbsp;!<\/h4>\n\n\n\n<h2><strong>Pour lui aussi&nbsp;? Que vous dit-il de l&rsquo;internat&nbsp;?<\/strong><\/h2>\n\n\n\n<h4>Ah&nbsp;! Lui est heureux \u00e0 l&rsquo;internat&nbsp;! Il est bien, ils peuvent faire leur travail, quand ils ont des devoirs. Il n&rsquo;est pas fatigu\u00e9 le matin. S&rsquo;il faisait la route tous les jours il n&rsquo;y arriverait pas.<\/h4>\n\n\n\n<h2><strong>Pour vous ce sera aussi l&rsquo;internat l&rsquo;ann\u00e9e prochaine&nbsp;?<\/strong><\/h2>\n\n\n\n<h4>Ah oui, il sera interne jusqu&rsquo;\u00e0 la fin de sa scolarit\u00e9&nbsp;!<\/h4>\n\n\n\n<h2><strong>S&rsquo;il n&rsquo;y avait pas eu d&rsquo;internat ou que l&rsquo;internat avait \u00e9t\u00e9 trop cher, comment vous seriez-vous organis\u00e9&nbsp;?<\/strong><\/h2>\n\n\n\n<h4>J&rsquo;aurais fait tout mon possible pour qu&rsquo;il reste \u00e0 l&rsquo;internat, parce que pour moi la scolarit\u00e9 de mon fils est plus importante, pour ses \u00e9tudes. Je me serais mise en quatre pour qu&rsquo;il puisse rester l\u00e0-bas.<\/h4>\n\n\n\n<h2><strong>Vous n&rsquo;auriez pas trouv\u00e9 un lyc\u00e9e plus proche, par exemple&nbsp;?<\/strong><\/h2>\n\n\n\n<h4>C&rsquo;est d\u00e9j\u00e0 le plus proche.<\/h4>\n\n\n\n<h2><strong>Sans ce dispositif \u00e7a vous aurait pos\u00e9 probl\u00e8me au niveau du budget de votre famille&nbsp;?<\/strong><\/h2>\n\n\n\n<h4>Ah oui&nbsp;! Oui, \u00e7a nous aurait pos\u00e9 souci mais, comme je vous le disais, nous aurions essay\u00e9 de tout faire pour qu&rsquo;il puisse y rester. C&rsquo;est vrai qu&rsquo;1 euro \u00e7a nous arrange tr\u00e8s, tr\u00e8s bien&nbsp;!<\/h4>\n\n\n\n<h2><strong>Merci, madame Boudsocq, d&rsquo;avoir r\u00e9pondu \u00e0 nos questions. <\/strong><em>C&rsquo;\u00e9tait une coproduction des radios associatives avec le soutien de la R\u00e9gion Grand-Est.<\/em><\/h2>\n\n\n\n<!--nextpage-->\n\n\n\n<h4>La R\u00e9gion Grand-Est adoptait en juin dernier le plan r\u00e9gional pour la restauration et l&rsquo;h\u00e9bergement scolaires, afin de permettre \u00e0 tous l&rsquo;acc\u00e8s \u00e0 l&rsquo;\u00e9ducation et \u00e0 la formation. Parmi les mesures mises en place&nbsp;: l&rsquo;h\u00e9bergement en internat \u00e0 1\u20ac, destin\u00e9 \u00e0 l&rsquo;ensemble des lyc\u00e9ens du secteur public. Pour en parler avec nous, Thibault Larcher, \u00e9l\u00e8ve de Premi\u00e8re g\u00e9n\u00e9rale au lyc\u00e9e Jean-Moulin de Revin dans les Ardennes.<\/h4>\n\n\n\n<figure class=\"wp-block-audio\"><audio controls src=\"http:\/\/www.rcn-radio.org\/wp-content\/uploads\/2023\/11\/INTERNAT-1E-ELEVE-Podcast.mp3\"><\/audio><figcaption class=\"wp-element-caption\">Interview de Thibault Larcher, \u00e9l\u00e8ve de Premi\u00e8re g\u00e9n\u00e9rale au lyc\u00e9e Jean-Moulin de Revin dans les Ardennes.<\/figcaption><\/figure>\n\n\n<div class=\"wp-block-image\">\n<figure class=\"alignleft size-large is-resized\"><img decoding=\"async\" loading=\"lazy\" src=\"http:\/\/www.rcn-radio.org\/wp-content\/uploads\/2023\/11\/Thibault-Eleve-2-scaled-e1701120036209-762x1024.jpg\" alt=\"\" class=\"wp-image-27106\" width=\"373\" height=\"500\" srcset=\"http:\/\/www.rcn-radio.org\/wp-content\/uploads\/2023\/11\/Thibault-Eleve-2-scaled-e1701120036209-762x1024.jpg 762w, http:\/\/www.rcn-radio.org\/wp-content\/uploads\/2023\/11\/Thibault-Eleve-2-scaled-e1701120036209-223x300.jpg 223w, http:\/\/www.rcn-radio.org\/wp-content\/uploads\/2023\/11\/Thibault-Eleve-2-scaled-e1701120036209-768x1032.jpg 768w, http:\/\/www.rcn-radio.org\/wp-content\/uploads\/2023\/11\/Thibault-Eleve-2-scaled-e1701120036209-1143x1536.jpg 1143w, http:\/\/www.rcn-radio.org\/wp-content\/uploads\/2023\/11\/Thibault-Eleve-2-scaled-e1701120036209.jpg 1152w\" sizes=\"(max-width: 373px) 100vw, 373px\" \/><figcaption class=\"wp-element-caption\">Thibault Larcher, \u00e9l\u00e8ve de Premi\u00e8re g\u00e9n\u00e9rale au lyc\u00e9e Jean-Moulin de Revin dans les Ardennes.<\/figcaption><\/figure><\/div>\n\n\n<h2><strong><em>Qu&rsquo;est-ce que tu penses de la vie \u00e0 l&rsquo;internat&nbsp;?<\/em><\/strong><\/h2>\n\n\n\n<h4>La vie a l&rsquo;internat est tr\u00e8s sympathique, tr\u00e8s cool, je m&rsquo;entends bien avec tout le monde, il n&rsquo;y a pas de probl\u00e8me. L&rsquo;internat est neuf et propre.<\/h4>\n\n\n\n<h2><strong>Une journ\u00e9e-type \u00e0 l&rsquo;internat, qu&rsquo;est-ce que c&rsquo;est&nbsp;?<\/strong><\/h2>\n\n\n\n<h4>Moi personnellement je me l\u00e8ve \u00e0 6h30, pour me pr\u00e9parer pour le petit-d\u00e9jeuner \u00e0 7h. Les cours commencent \u00e0 8h, donc nous avons trente minutes, quarante-cinq minutes pour d\u00e9jeuner \u2013 c&rsquo;est largement suffisant. Puis nous avons les cours jusqu&rsquo;\u00e0 17h30, l&rsquo;internat ouvre \u00e0 cette heure-ci. Nous nous pr\u00e9parons pour 18h pour l&rsquo;heure de permanence jusqu&rsquo;\u00e0 19h. Puis apr\u00e8s nous allons manger, puis nous remontons \u00e0 l&rsquo;internat, o\u00f9 nous avons du temps-libre. Il y aune salle de jeu \u00e0 l&rsquo;internat avec un babyfoot, salle t\u00e9l\u00e9, jeu d&rsquo;\u00e9chec, nous pouvons jouer aux cartes et plein de choses. Donc apr\u00e8s \u00e0 21h30 nous retournons dans nos chambres, et nous nous couchons.<\/h4>\n\n\n\n<h2><strong>Et ensuite on recommence&nbsp;!&#8230;<\/strong><\/h2>\n\n\n\n<h4>Et apr\u00e8s on recommence.<\/h4>\n\n\n\n<h2><strong>Qu&rsquo;est-ce que t&rsquo;aime dans cette vie \u00e0 l&rsquo;internat, dans ce rythme&nbsp;?<\/strong><\/h2>\n\n\n\n<h4>J&rsquo;aime la convivialit\u00e9 de l&rsquo;internat, tout simplement. J&rsquo;aime bien \u00eatre avec les autres, en groupe, et je pr\u00e9f\u00e8re \u00eatre \u00e0 l&rsquo;internat que chez moi.<\/h4>\n\n\n\n<h2><strong>Est-ce que sans internat dans ce lyc\u00e9e tu aurais pu venir suivre les cours ici&nbsp;?<\/strong><\/h2>\n\n\n\n<h4>Non, j&rsquo;aurais tout simplement d\u00fb changer de lyc\u00e9e. J&rsquo;aurais pris le lyc\u00e9e de Givet. \u00c0 la base j&rsquo;habitais \u00e0 Rocroi, donc mon lyc\u00e9e de secteur \u00e9tait Revin. J&rsquo;ai d\u00e9m\u00e9nag\u00e9 \u00e0 Givet en d\u00e9cembre dernier.<\/h4>\n\n\n\n<h2><strong>L\u00e0 tu es en Premi\u00e8re, l&rsquo;ann\u00e9e prochaine c&rsquo;est la Terminale, donc tu seras encore \u00e0 l&rsquo;internat.<\/strong><\/h2>\n\n\n\n<h4>Oui, exactement, je serai encore \u00e0 l&rsquo;internat l&rsquo;ann\u00e9e prochaine.<\/h4>\n\n\n\n<h2><strong>Tu dis \u00e7a avec le sourire donc tu as l&rsquo;air d&rsquo;avoir envie&nbsp;!<\/strong><\/h2>\n\n\n\n<h4>Oui. Oui,j&rsquo;ai tr\u00e8s, tr\u00e8s envie.<\/h4>\n\n\n\n<h2><strong>Comment se passe la vie en communaut\u00e9 avec tes camarades&nbsp;?<\/strong><\/h2>\n\n\n\n<h4>Je pense que tout le monde prend \u00e7a avec plaisir, il y a beaucoup de sympathie entre nous. Il y a quelques disputes, mais c&rsquo;est souvent vite r\u00e9gl\u00e9, et tout le monde s&rsquo;amuse. Pour ma part je suis vraiment content de retrouver mes camarades de l&rsquo;internat le lundi matin avec la reprise des cours.<\/h4>\n\n\n\n<h2><strong>Ce sont des \u00e9l\u00e8ves qui sont dans la m\u00eame classe que toi ou \u00e7a te permet aussi de rencontrer des \u00e9l\u00e8ves que tu n&rsquo;aurais pas crois\u00e9 dans le lyc\u00e9e autrement&nbsp;?<\/strong><\/h2>\n\n\n\n<h4>Sans l&rsquo;internat je n&rsquo;aurais sans doute jamais crois\u00e9 les \u00e9l\u00e8ves d&rsquo;internat parce que je suis sur la voie g\u00e9n\u00e9rale et on va que 90% des personnes de l&rsquo;internat sont en voie professionnelle, donc je ne leur parle que par le biais de l&rsquo;internat.<\/h4>\n\n\n\n<h2><strong>Est-ce que tu sais ce que tu souhaites faire en post-bac&nbsp;?<\/strong><\/h2>\n\n\n\n<h4>Plut\u00f4t sur la voie des math\u00e9matiques&#8230; J&rsquo;aimerais bien suivre une \u00e9cole d&rsquo;ing\u00e9nieurs.<\/h4>\n\n\n\n<h2><strong>Merci Thibault d&rsquo;avoir r\u00e9pondu \u00e0 nos questions. <em>C\u2019\u00e9tait une coproduction des radios associatives avec le soutien de la R\u00e9gion Grand Est.<\/em><\/strong><\/h2>\n\n\n\n<h2><\/h2>\n","protected":false},"excerpt":{"rendered":"<p>Christ\u00e8le WILLER, vous \u00eates vice-pr\u00e9sidente de la R\u00e9gion Grand Est, en d\u00e9l\u00e9gation des Lyc\u00e9es et de l\u2019Education. Madame WILLER, bonjour. Depuis cette rentr\u00e9e scolaire, la R\u00e9gion Grand Est a voulu favoriser l\u2019\u00e9galit\u00e9 sociale et g\u00e9ographique, avec cette mesure forte&nbsp;: l\u2019internat \u00e0 1\u20ac. Bonjour. Oui, tout \u00e0 fait. On a voulu l&rsquo;\u00e9galit\u00e9 des chances en mati\u00e8re [&hellip;]<\/p>\n","protected":false},"author":14,"featured_media":0,"comment_status":"open","ping_status":"open","sticky":false,"template":"","format":"standard","meta":[],"categories":[1],"tags":[],"_links":{"self":[{"href":"http:\/\/www.rcn-radio.org\/index.php\/wp-json\/wp\/v2\/posts\/27098"}],"collection":[{"href":"http:\/\/www.rcn-radio.org\/index.php\/wp-json\/wp\/v2\/posts"}],"about":[{"href":"http:\/\/www.rcn-radio.org\/index.php\/wp-json\/wp\/v2\/types\/post"}],"author":[{"embeddable":true,"href":"http:\/\/www.rcn-radio.org\/index.php\/wp-json\/wp\/v2\/users\/14"}],"replies":[{"embeddable":true,"href":"http:\/\/www.rcn-radio.org\/index.php\/wp-json\/wp\/v2\/comments?post=27098"}],"version-history":[{"count":48,"href":"http:\/\/www.rcn-radio.org\/index.php\/wp-json\/wp\/v2\/posts\/27098\/revisions"}],"predecessor-version":[{"id":27226,"href":"http:\/\/www.rcn-radio.org\/index.php\/wp-json\/wp\/v2\/posts\/27098\/revisions\/27226"}],"wp:attachment":[{"href":"http:\/\/www.rcn-radio.org\/index.php\/wp-json\/wp\/v2\/media?parent=27098"}],"wp:term":[{"taxonomy":"category","embeddable":true,"href":"http:\/\/www.rcn-radio.org\/index.php\/wp-json\/wp\/v2\/categories?post=27098"},{"taxonomy":"post_tag","embeddable":true,"href":"http:\/\/www.rcn-radio.org\/index.php\/wp-json\/wp\/v2\/tags?post=27098"}],"curies":[{"name":"wp","href":"https:\/\/api.w.org\/{rel}","templated":true}]}}