{"id":28840,"date":"2024-07-22T11:56:38","date_gmt":"2024-07-22T10:56:38","guid":{"rendered":"http:\/\/www.rcn-radio.org\/?p=28840"},"modified":"2024-07-22T11:56:38","modified_gmt":"2024-07-22T10:56:38","slug":"jeux-olympiques-et-paralympiques-paris-2024-la-region-grand-est-sengage","status":"publish","type":"post","link":"http:\/\/www.rcn-radio.org\/index.php\/jeux-olympiques-et-paralympiques-paris-2024-la-region-grand-est-sengage\/","title":{"rendered":"Jeux Olympiques et Paralympiques Paris 2024, la R\u00e9gion Grand Est s\u2019engage\u00a0!"},"content":{"rendered":"\n<h4>La R\u00e9gion Grand Est est lab\u00e9lis\u00e9e \u00ab&nbsp;Terre de Jeux 2024&nbsp;\u00bb, par le Comit\u00e9 d\u2019Organisation des Jeux Olympiques et Paralympiques \u00ab&nbsp;Paris 2024&nbsp;\u00bb (COJO).<br>Dans cette perspective, la R\u00e9gion Grand Est se d\u00e9marque pour valoriser ses sportifs de haut niveau, ses infrastructures sportives, tout en entrainant le grand public dans cet \u00e9lan festif collectif&nbsp;!<br>Dans cette s\u00e9rie de Podcast, vous allez d\u00e9couvrir toutes les facettes du sport de haut niveau avec&nbsp;:<br>Bouabdellah TAHRI, Conseiller R\u00e9gional, en d\u00e9l\u00e9gation des Jeux Olympiques et Paralympiques, et des sportifs de haut niveau<\/h4>\n\n\n\n<p><\/p>\n\n\n\n<div class=\"wp-block-media-text alignwide is-stacked-on-mobile\"><figure class=\"wp-block-media-text__media\"><img decoding=\"async\" loading=\"lazy\" width=\"760\" height=\"920\" src=\"http:\/\/www.rcn-radio.org\/wp-content\/uploads\/2024\/07\/760x920-tahri-bouabedellah-57.jpg\" alt=\"\" class=\"wp-image-28844 size-full\" srcset=\"http:\/\/www.rcn-radio.org\/wp-content\/uploads\/2024\/07\/760x920-tahri-bouabedellah-57.jpg 760w, http:\/\/www.rcn-radio.org\/wp-content\/uploads\/2024\/07\/760x920-tahri-bouabedellah-57-248x300.jpg 248w\" sizes=\"(max-width: 760px) 100vw, 760px\" \/><\/figure><div class=\"wp-block-media-text__content\">\n<h4><em>Bouabdellah TAHRI, Conseiller R\u00e9gional, en d\u00e9l\u00e9gation des Jeux Olympiques et Paralympiques, et des sportifs de haut niveau<\/em><\/h4>\n<\/div><\/div>\n\n\n\n<figure class=\"wp-block-audio\"><audio controls src=\"http:\/\/www.rcn-radio.org\/wp-content\/uploads\/2024\/07\/RGE_JO_Bob_TAHRI_Podcast.MP3\"><\/audio><\/figure>\n\n\n\n<hr class=\"wp-block-separator has-alpha-channel-opacity\"\/>\n\n\n\n<p><\/p>\n\n\n\n<div class=\"wp-block-media-text alignwide is-stacked-on-mobile\" style=\"grid-template-columns:68% auto\"><figure class=\"wp-block-media-text__media\"><img decoding=\"async\" loading=\"lazy\" width=\"1024\" height=\"760\" src=\"http:\/\/www.rcn-radio.org\/wp-content\/uploads\/2024\/07\/RGE-JO-Sarah-BALZER-1024x760.jpg\" alt=\"\" class=\"wp-image-28846 size-full\" srcset=\"http:\/\/www.rcn-radio.org\/wp-content\/uploads\/2024\/07\/RGE-JO-Sarah-BALZER-1024x760.jpg 1024w, http:\/\/www.rcn-radio.org\/wp-content\/uploads\/2024\/07\/RGE-JO-Sarah-BALZER-300x223.jpg 300w, http:\/\/www.rcn-radio.org\/wp-content\/uploads\/2024\/07\/RGE-JO-Sarah-BALZER-768x570.jpg 768w, http:\/\/www.rcn-radio.org\/wp-content\/uploads\/2024\/07\/RGE-JO-Sarah-BALZER-1536x1140.jpg 1536w, http:\/\/www.rcn-radio.org\/wp-content\/uploads\/2024\/07\/RGE-JO-Sarah-BALZER-1320x980.jpg 1320w, http:\/\/www.rcn-radio.org\/wp-content\/uploads\/2024\/07\/RGE-JO-Sarah-BALZER.jpg 2048w\" sizes=\"(max-width: 1024px) 100vw, 1024px\" \/><\/figure><div class=\"wp-block-media-text__content\">\n<h4><em>Sarah BALZER, 1\u00e8re s\u00e9lectionn\u00e9e olympique en Grand Est en sabre<\/em><\/h4>\n<\/div><\/div>\n\n\n\n<figure class=\"wp-block-audio\"><audio controls src=\"http:\/\/www.rcn-radio.org\/wp-content\/uploads\/2024\/07\/RGE_JO_Sarah_BALZER_Podcast.mp3\"><\/audio><\/figure>\n\n\n\n<hr class=\"wp-block-separator has-alpha-channel-opacity\"\/>\n\n\n\n<p><br><\/p>\n\n\n\n<div class=\"wp-block-media-text alignwide is-stacked-on-mobile\" style=\"grid-template-columns:67% auto\"><figure class=\"wp-block-media-text__media\"><img decoding=\"async\" loading=\"lazy\" width=\"640\" height=\"551\" src=\"http:\/\/www.rcn-radio.org\/wp-content\/uploads\/2024\/07\/CREPS-Reims.jpg\" alt=\"\" class=\"wp-image-28843 size-full\" srcset=\"http:\/\/www.rcn-radio.org\/wp-content\/uploads\/2024\/07\/CREPS-Reims.jpg 640w, http:\/\/www.rcn-radio.org\/wp-content\/uploads\/2024\/07\/CREPS-Reims-300x258.jpg 300w\" sizes=\"(max-width: 640px) 100vw, 640px\" \/><\/figure><div class=\"wp-block-media-text__content\">\n<h4><em>Michel LEROUX, Directeur du CREPS de Reims<\/em><\/h4>\n<\/div><\/div>\n\n\n\n<figure class=\"wp-block-audio\"><audio controls src=\"http:\/\/www.rcn-radio.org\/wp-content\/uploads\/2024\/07\/RGE_JO_Bob_TAHRI_Podcast.MP3\"><\/audio><\/figure>\n\n\n\n<hr class=\"wp-block-separator has-alpha-channel-opacity\"\/>\n\n\n\n<h4><br>T\u00e9odora TILICA, membre du \u00ab Collectif Lyc\u00e9ens Grand Est 2024 \u00bb, et porteuse de la Flamme Olympique<\/h4>\n\n\n\n<figure class=\"wp-block-image size-large is-resized\"><img decoding=\"async\" loading=\"lazy\" src=\"http:\/\/www.rcn-radio.org\/wp-content\/uploads\/2024\/07\/RGE-JO-Porteuse-de-la-Flamme-768x1024.jpg\" alt=\"\" class=\"wp-image-28845\" width=\"487\" height=\"649\" srcset=\"http:\/\/www.rcn-radio.org\/wp-content\/uploads\/2024\/07\/RGE-JO-Porteuse-de-la-Flamme-768x1024.jpg 768w, http:\/\/www.rcn-radio.org\/wp-content\/uploads\/2024\/07\/RGE-JO-Porteuse-de-la-Flamme-225x300.jpg 225w, http:\/\/www.rcn-radio.org\/wp-content\/uploads\/2024\/07\/RGE-JO-Porteuse-de-la-Flamme.jpg 848w\" sizes=\"(max-width: 487px) 100vw, 487px\" \/><\/figure>\n\n\n\n<figure class=\"wp-block-audio\"><audio controls src=\"http:\/\/www.rcn-radio.org\/wp-content\/uploads\/2024\/07\/RGE_JO_Teodora_TILICA_Podcast.mp3\"><\/audio><\/figure>\n\n\n\n<hr class=\"wp-block-separator has-alpha-channel-opacity\"\/>\n\n\n\n<h4>La R\u00e9gion Grand Est soutient les sportifs de haut niveau, les infrastructures sportives, les ligues et clubs sportifs&nbsp;!<br>Une coproduction des radios associatives, avec le soutien de la R\u00e9gion Grand Est<\/h4>\n\n\n\n<p><\/p>\n","protected":false},"excerpt":{"rendered":"<p>La R\u00e9gion Grand Est est lab\u00e9lis\u00e9e \u00ab&nbsp;Terre de Jeux 2024&nbsp;\u00bb, par le Comit\u00e9 d\u2019Organisation des Jeux Olympiques et Paralympiques \u00ab&nbsp;Paris 2024&nbsp;\u00bb (COJO).Dans cette perspective, la R\u00e9gion Grand Est se d\u00e9marque pour valoriser ses sportifs de haut niveau, ses infrastructures sportives, tout en entrainant le grand public dans cet \u00e9lan festif collectif&nbsp;!Dans cette s\u00e9rie de Podcast, [&hellip;]<\/p>\n","protected":false},"author":14,"featured_media":0,"comment_status":"open","ping_status":"open","sticky":false,"template":"","format":"standard","meta":[],"categories":[1],"tags":[],"_links":{"self":[{"href":"http:\/\/www.rcn-radio.org\/index.php\/wp-json\/wp\/v2\/posts\/28840"}],"collection":[{"href":"http:\/\/www.rcn-radio.org\/index.php\/wp-json\/wp\/v2\/posts"}],"about":[{"href":"http:\/\/www.rcn-radio.org\/index.php\/wp-json\/wp\/v2\/types\/post"}],"author":[{"embeddable":true,"href":"http:\/\/www.rcn-radio.org\/index.php\/wp-json\/wp\/v2\/users\/14"}],"replies":[{"embeddable":true,"href":"http:\/\/www.rcn-radio.org\/index.php\/wp-json\/wp\/v2\/comments?post=28840"}],"version-history":[{"count":26,"href":"http:\/\/www.rcn-radio.org\/index.php\/wp-json\/wp\/v2\/posts\/28840\/revisions"}],"predecessor-version":[{"id":28900,"href":"http:\/\/www.rcn-radio.org\/index.php\/wp-json\/wp\/v2\/posts\/28840\/revisions\/28900"}],"wp:attachment":[{"href":"http:\/\/www.rcn-radio.org\/index.php\/wp-json\/wp\/v2\/media?parent=28840"}],"wp:term":[{"taxonomy":"category","embeddable":true,"href":"http:\/\/www.rcn-radio.org\/index.php\/wp-json\/wp\/v2\/categories?post=28840"},{"taxonomy":"post_tag","embeddable":true,"href":"http:\/\/www.rcn-radio.org\/index.php\/wp-json\/wp\/v2\/tags?post=28840"}],"curies":[{"name":"wp","href":"https:\/\/api.w.org\/{rel}","templated":true}]}}