{"id":29112,"date":"2024-10-14T09:02:57","date_gmt":"2024-10-14T08:02:57","guid":{"rendered":"http:\/\/www.rcn-radio.org\/?p=29112"},"modified":"2024-10-14T09:15:57","modified_gmt":"2024-10-14T08:15:57","slug":"lagriculture-dans-la-region-grand-est","status":"publish","type":"post","link":"http:\/\/www.rcn-radio.org\/index.php\/lagriculture-dans-la-region-grand-est\/","title":{"rendered":"L\u2019AGRICULTURE dans la R\u00e9gion GRAND-EST"},"content":{"rendered":"\n<h4>Les grands enjeux de demain, qu\u2019est-ce qui change dans les m\u00e9tiers de la fili\u00e8re agricole et ses<br>r\u00e9percussions sur notre avenir, 4 Podcasts pour mieux comprendre les enjeux\u00a0!<\/h4>\n\n\n\n<h2>Reportage 1: l&rsquo;installation des jeunes agriculteurs<br><\/h2>\n\n\n\n<div class=\"wp-block-media-text alignwide is-stacked-on-mobile\" style=\"grid-template-columns:38% auto\"><figure class=\"wp-block-media-text__media\"><img decoding=\"async\" loading=\"lazy\" width=\"768\" height=\"1024\" src=\"http:\/\/www.rcn-radio.org\/wp-content\/uploads\/2024\/10\/AGRICULTURE-JEUNES-AGRICULTEURS-768x1024.jpg\" alt=\"\" class=\"wp-image-29127 size-full\" srcset=\"http:\/\/www.rcn-radio.org\/wp-content\/uploads\/2024\/10\/AGRICULTURE-JEUNES-AGRICULTEURS-768x1024.jpg 768w, http:\/\/www.rcn-radio.org\/wp-content\/uploads\/2024\/10\/AGRICULTURE-JEUNES-AGRICULTEURS-225x300.jpg 225w, http:\/\/www.rcn-radio.org\/wp-content\/uploads\/2024\/10\/AGRICULTURE-JEUNES-AGRICULTEURS-1152x1536.jpg 1152w, http:\/\/www.rcn-radio.org\/wp-content\/uploads\/2024\/10\/AGRICULTURE-JEUNES-AGRICULTEURS.jpg 1200w\" sizes=\"(max-width: 768px) 100vw, 768px\" \/><\/figure><div class=\"wp-block-media-text__content\">\n<h4>La R\u00e9gion Grand Est entend relever le d\u00e9fi du renouvellement des g\u00e9n\u00e9rations pour aider \u00e0<br>l\u2019installation de 500 agriculteurs par an avec l\u2019appui de la PAC.<br>Les enjeux de l\u2019installation en agriculture sont cruciaux&nbsp;: le Grand Est compte environ 40&nbsp;000<br>agriculteurs et viticulteurs. Environ 1&nbsp;900 agriculteurs partiront en en retraite chaque ann\u00e9e jusqu\u2019en 2030.Seulement 1&nbsp;100 s\u2019installent chaque ann\u00e9e dont 1\/3 d\u2019installations aid\u00e9es.<br>Les deux dispositifs&nbsp;vot\u00e9s : Aide \u00e0 l\u2019Installation en Agriculture pour les agriculteurs de 40 au plus<br>(AIA) et Aide \u00e0 l\u2019Installation des Nouveaux agriculteurs (AINA) succ\u00e8dent \u00e0 partir de septembre au<br>dispositif DJA cr\u00e9\u00e9 par l\u2019Etat et actif depuis 2015.  <\/h4>\n<\/div><\/div>\n\n\n\n<figure class=\"wp-block-audio\"><audio controls src=\"http:\/\/www.rcn-radio.org\/wp-content\/uploads\/2024\/10\/AGRICULTURE-JEUNES-AGRICULTEURS-PODCAST.mp3\"><\/audio><\/figure>\n\n\n\n<p><\/p>\n\n\n\n<h4>Seulement 1\u00a0100 s\u2019installent chaque ann\u00e9e dont 1\/3 d\u2019installations aid\u00e9es.<br>Les deux dispositifs\u00a0vot\u00e9s : Aide \u00e0 l\u2019Installation en Agriculture pour les agriculteurs de 40 au plus (AIA) et Aide \u00e0 l\u2019Installation des Nouveaux agriculteurs (AINA) succ\u00e8dent \u00e0 partir de septembre au dispositif DJA cr\u00e9\u00e9 par l\u2019Etat et actif depuis 2015.<br>Ainsi, la R\u00e9gion Grand Est ouvre les financements europ\u00e9ens aux Nouveaux Agriculteurs, candidats \u00e0 l\u2019installation \u00e2g\u00e9s de 41 \u00e0 50 ans.<br>Le nombre le plus important de candidats \u00e0 l\u2019installation reste celui des agriculteurs de moins de 40 ans, auquel s\u2019adresse le dispositif AIA. Pour s\u00e9duire les candidats \u00e0 l\u2019installation, la R\u00e9gion met<br>l\u2019accent sur l\u2019essentiel : une aide \u00e0 la tr\u00e9sorerie \u00e0 l\u2019acc\u00e8s simplifi\u00e9, vers\u00e9e rapidement, avec des<br>risques de d\u00e9ch\u00e9ance r\u00e9duits \u00e0 n\u00e9ant. Le paiement est forfaitaire et non plus au pourcentage\u00a0; le nombre de modulations est r\u00e9duit \u00e0 trois\u00a0: \u00e9levage \u00e0 vocation alimentaire, majoration montagne et suivi formation post installation\u00a0; la justification de l\u2019acc\u00e8s \u00e0 ces majorations est simplifi\u00e9e. <\/h4>\n\n\n\n<h4>Enfin l\u2019\u00e9tude \u00e9conomique pr\u00e9alable \u00e0 l\u2019installation, indispensable, est recentr\u00e9e sur son objectif&nbsp;: \u00eatre un support au projet et non plus un outil administratif de contr\u00f4le du revenu.<br>Le montant moyen se veut incitatif pour les candidats les plus jeunes, \u00e0 30&nbsp;000 \u20ac en moyenne, avec une fourchette de 20&nbsp;000 \u20ac \u00e0 44&nbsp;000 \u20ac. Il s\u2019\u00e9l\u00e8ve \u00e0 13&nbsp;000 \u20ac pour les nouveaux agriculteurs.<br>Pour installer des porteurs de projet form\u00e9s et \u00e0 m\u00eame de mener \u00e0 bien leur r\u00f4le de chef<br>d\u2019exploitation, tous les candidats acc\u00e9deront au dispositif avec un dipl\u00f4me agricole de niveau 4 (baccalaur\u00e9at).                                                                                                                                    Ils seront incit\u00e9s \u00e0 suivre une formation post installation.<br>Le budget est cons\u00e9quent et s\u2019\u00e9l\u00e8ve \u00e0 15 millions d\u2019\u20ac par an, dont 6 millions de financement r\u00e9gional.<br>Ces moyens sont indispensables pour que notre R\u00e9gion reste une des premi\u00e8res r\u00e9gions agricoles et viticole de France et pour garder la vitalit\u00e9 de nos territoires ruraux.<\/h4>\n\n\n\n<h2>\u00c9coutez le t\u00e9moignage de M. Antoine Clavel, jeune agriculteur \u00e0 Limey en Meurthe-et-Moselle  <\/h2>\n\n\n\n<figure class=\"wp-block-audio\"><audio controls src=\"http:\/\/www.rcn-radio.org\/wp-content\/uploads\/2024\/10\/AGRICULTURE-JEUNES-AGRICULTEURS-PODCAST.mp3\"><\/audio><\/figure>\n\n\n\n<p><\/p>\n\n\n\n<h2><strong>Reportage 2 \u2013 Ambition \u00e9leveurs ou l\u2019\u00e9levage d\u2019aujourd\u2019hui\u00a0!<\/strong><\/h2>\n\n\n\n<h2>Pour un \u00e9levage comp\u00e9titif et durable en Grand Est.<\/h2>\n\n\n\n<h4>Faire de l\u2019\u00e9levage un secteur d\u2019activit\u00e9 innovant et attractif durablement ancr\u00e9 en Grand Est : c\u2019est l\u2019objectif du programme Ambition \u00c9leveurs qui ouvre aussi de nouvelles perspectives au m\u00e9tier d\u2019\u00e9leveur et \u00e0 la jeune g\u00e9n\u00e9ration d\u2019agriculteurs. Dans une r\u00e9gion o\u00f9 l\u2019agriculture, la viticulture et la sylviculture couvrent 87% des surfaces, l\u2019enjeu est capital. Avec ce programme, la R\u00e9gion Grand Est,<br>la Chambre r\u00e9gionale d\u2019agriculture Grand Est et leurs partenaires accompagnent la transition des exploitations et la mise en \u0153uvre de projets collectifs pour favoriser les synergies. Les aides \u00e0 l\u2019investissement et \u00e0 la mont\u00e9e en comp\u00e9tences sont au c\u0153ur de ce programme in\u00e9dit.<br>Avec pr\u00e8s de 11 900 exploitations, la polyculture \u00e9levage, au sens large, est un syst\u00e8me tr\u00e8s<br>pr\u00e9sent en Grand Est avec plus d\u2019une exploitation sur deux (hors exploitations viticoles).<\/h4>\n\n\n\n<div class=\"wp-block-media-text alignwide is-stacked-on-mobile\" style=\"grid-template-columns:35% auto\"><figure class=\"wp-block-media-text__media\"><img decoding=\"async\" loading=\"lazy\" width=\"428\" height=\"640\" src=\"http:\/\/www.rcn-radio.org\/wp-content\/uploads\/2024\/10\/AGRICULTURE-ELUE.jpeg\" alt=\"\" class=\"wp-image-29125 size-full\" srcset=\"http:\/\/www.rcn-radio.org\/wp-content\/uploads\/2024\/10\/AGRICULTURE-ELUE.jpeg 428w, http:\/\/www.rcn-radio.org\/wp-content\/uploads\/2024\/10\/AGRICULTURE-ELUE-201x300.jpeg 201w\" sizes=\"(max-width: 428px) 100vw, 428px\" \/><\/figure><div class=\"wp-block-media-text__content\">\n<h4>Le programme Ambition Eleveurs se concentre autour de 5 enjeux forts : ma\u00eetrise de l\u2019\u00e9nergie, de la ressource en eau, des intrants, accompagnement num\u00e9rique (acc\u00e8s \u00e0 la technologie et aux innovations), le tout pour d\u00e9velopper l\u2019attractivit\u00e9, la transmissibilit\u00e9 et le bien-vivre son m\u00e9tier.<br>Sa finalit\u00e9 est qu\u2019\u00e0 terme, 100% des fermes accompagn\u00e9es, soient attractives et transmissibles.<br>L\u2019objectif du programme est la transformation de 2 000 exploitations sur 3 ans.<br>Le programme mobilise des soutiens publics de la R\u00e9gion Grand Est, des Agences de l&rsquo;Eau, de l&rsquo;Etat et du FEADER.<\/h4>\n<\/div><\/div>\n\n\n\n<p><\/p>\n\n\n\n<h4>\u00c9coutez Mme B\u00e9atrice Moreau, Vice-Pr\u00e9sidente de la R\u00e9gion Grand-Est, en d\u00e9l\u00e9gation \u00e0 l\u2019agriculture, la viticulture et la for\u00eat.<\/h4>\n\n\n\n<figure class=\"wp-block-audio\"><audio controls src=\"http:\/\/www.rcn-radio.org\/wp-content\/uploads\/2024\/10\/AGRICULTURE-AMBITION-ELEVEURS-BEATRICE-MOREAU-PODCAST.mp3\"><\/audio><\/figure>\n\n\n\n<p><\/p>\n\n\n\n<h4><\/h4>\n\n\n\n<h2><strong>Reportage 3 \u2013 dispositif CAPTEF<\/strong><\/h2>\n\n\n\n<h4>A l\u2019image du soutien apport\u00e9 \u00e0 l\u2019installation en agriculture, le dispositif CAPTEF est une aide \u00e0<br>l\u2019installation de jeunes entrepreneurs de travaux forestiers\u00a0: dispositif d\u2019aide \u00e0 la cr\u00e9ation<br>d\u2019entreprise \u00ab CAP ETF \u00bb.<\/h4>\n\n\n\n<h4><br>Le soutien forfaitaire est de 10 000 \u20ac, il engage le b\u00e9n\u00e9ficiaire \u00e0 suivre des formations, identifi\u00e9es par la profession, indispensables pour l\u2019entreprise avec un accompagnement d\u2019un professionnel ETF, membre de l\u2019association des ETF Grand Est\u00a0:<\/h4>\n\n\n\n<h4>o sensibilisation \u00e0 la sant\u00e9 et la s\u00e9curit\u00e9 au travail de pr\u00e9venteurs MSA ou CAAA,<br>o suivi de au moins 2 formations sur des th\u00e8mes en lien avec l\u2019activit\u00e9 professionnelle<br>(list\u00e9es dans le dispositif),<br>o adh\u00e9sion \u00e0 une d\u00e9marche qualit\u00e9 de travaux forestiers pendant au moins 3 ans apr\u00e8s<br>son installation.<\/h4>\n\n\n\n<figure class=\"wp-block-image size-large\"><img decoding=\"async\" loading=\"lazy\" width=\"1024\" height=\"768\" src=\"http:\/\/www.rcn-radio.org\/wp-content\/uploads\/2024\/10\/AGRICULTURE-DISPOSITIF-CAPTEF-1024x768.jpg\" alt=\"\" class=\"wp-image-29124\" srcset=\"http:\/\/www.rcn-radio.org\/wp-content\/uploads\/2024\/10\/AGRICULTURE-DISPOSITIF-CAPTEF-1024x768.jpg 1024w, http:\/\/www.rcn-radio.org\/wp-content\/uploads\/2024\/10\/AGRICULTURE-DISPOSITIF-CAPTEF-300x225.jpg 300w, http:\/\/www.rcn-radio.org\/wp-content\/uploads\/2024\/10\/AGRICULTURE-DISPOSITIF-CAPTEF-768x576.jpg 768w, http:\/\/www.rcn-radio.org\/wp-content\/uploads\/2024\/10\/AGRICULTURE-DISPOSITIF-CAPTEF-1536x1152.jpg 1536w, http:\/\/www.rcn-radio.org\/wp-content\/uploads\/2024\/10\/AGRICULTURE-DISPOSITIF-CAPTEF-2048x1536.jpg 2048w, http:\/\/www.rcn-radio.org\/wp-content\/uploads\/2024\/10\/AGRICULTURE-DISPOSITIF-CAPTEF-1320x990.jpg 1320w\" sizes=\"(max-width: 1024px) 100vw, 1024px\" \/><\/figure>\n\n\n\n<p><\/p>\n\n\n\n<h4>La mise en place effective de ce dispositif a \u00e9t\u00e9 vot\u00e9 en commission permanente en septembre 2024.<br>Il est pr\u00e9vu de pouvoir accompagner une dizaine d\u2019installations par an.<br>\u00c9coutez M. Fr\u00e9d\u00e9ric MUTZ, responsable d\u2019une entreprise de Sylviculture \u00e0 EUFFIGNEIX en Haute-Marne.<\/h4>\n\n\n\n<figure class=\"wp-block-audio\"><audio controls src=\"http:\/\/www.rcn-radio.org\/wp-content\/uploads\/2024\/10\/AGRICULTURE-DISPOSITIF-CAPTEF-PODCAST.mp3\"><\/audio><\/figure>\n\n\n\n<p><\/p>\n\n\n\n<h2><strong>Reportage 4 \u2013 Construction en mat\u00e9riaux biosourc\u00e9s<\/strong><\/h2>\n\n\n\n<h4>Grande r\u00e9gion foresti\u00e8re disposant d\u2019une fili\u00e8re bois compl\u00e8te, la R\u00e9gion Grand Est s\u2019est fix\u00e9e des objectifs ambitieux en mati\u00e8re de d\u00e9veloppement plus vertueux des territoires, en r\u00e9duisant notamment l\u2019impact carbone des b\u00e2timents, inscrits dans le SRADDET, la Strat\u00e9gie Bio\u00e9conomie et le Programme r\u00e9gional de la for\u00eat et du bois.<br>Pour atteindre ses objectifs, elle soutient la fili\u00e8re bois et le d\u00e9veloppement des mat\u00e9riaux<br>biosourc\u00e9s, notamment via le soutien \u00e0 l\u2019interprofession FIBOIS Grand Est et aux entreprises de 1 \u00e8re transformation, l\u2019accompagnement des organismes de sensibilisation des professionnels du b\u00e2timent (r\u00e9seau ENVIROBAT Grand Est) et le soutien aux missions d\u2019Assistance \u00e0 Ma\u00eetrise d\u2019Ouvrage \u00ab Bois et Biosourc\u00e9s \u00bb pour le b\u00e2timent.<br><\/h4>\n\n\n\n<div class=\"wp-block-media-text alignwide is-stacked-on-mobile\"><figure class=\"wp-block-media-text__media\"><img decoding=\"async\" loading=\"lazy\" width=\"768\" height=\"1024\" src=\"http:\/\/www.rcn-radio.org\/wp-content\/uploads\/2024\/10\/AGRICULTURE-MATERIAUX-BIOSOURCES-768x1024.jpg\" alt=\"\" class=\"wp-image-29129 size-full\" srcset=\"http:\/\/www.rcn-radio.org\/wp-content\/uploads\/2024\/10\/AGRICULTURE-MATERIAUX-BIOSOURCES-768x1024.jpg 768w, http:\/\/www.rcn-radio.org\/wp-content\/uploads\/2024\/10\/AGRICULTURE-MATERIAUX-BIOSOURCES-225x300.jpg 225w, http:\/\/www.rcn-radio.org\/wp-content\/uploads\/2024\/10\/AGRICULTURE-MATERIAUX-BIOSOURCES-1152x1536.jpg 1152w, http:\/\/www.rcn-radio.org\/wp-content\/uploads\/2024\/10\/AGRICULTURE-MATERIAUX-BIOSOURCES-1536x2048.jpg 1536w, http:\/\/www.rcn-radio.org\/wp-content\/uploads\/2024\/10\/AGRICULTURE-MATERIAUX-BIOSOURCES-1320x1760.jpg 1320w, http:\/\/www.rcn-radio.org\/wp-content\/uploads\/2024\/10\/AGRICULTURE-MATERIAUX-BIOSOURCES-scaled.jpg 1920w\" sizes=\"(max-width: 768px) 100vw, 768px\" \/><\/figure><div class=\"wp-block-media-text__content\">\n<h4>Le Pacte Bois et Biosourc\u00e9s est une mani\u00e8re de r\u00e9affirmer l\u2019ambition de la R\u00e9gion d\u2019agir en faveur de la transition au travers du d\u00e9veloppement d\u2019une fili\u00e8re bois durable. Elle le fait non seulement sur son propre patrimoine (5 M m\u00b2 de b\u00e2timents) mais \u00e9galement en facilitateur pour les acteurs du territoire qu\u2019elle accompagne au travers de financements ou via la mise en \u0153uvre des politiques publiques dont elle a la comp\u00e9tence (l\u2019am\u00e9nagement des territoires, le d\u00e9veloppement \u00e9conomique, l\u2019environnement, l\u2019agriculture et la for\u00eat).<\/h4>\n<\/div><\/div>\n\n\n\n<h4><br>La R\u00e9gion Grand Est rejoint la d\u00e9marche&nbsp;:<br>\uf0b7 En tant que Ma\u00eetre d\u2019Ouvrage signataire du PACTE, elle s\u2019engage dans un premier temps \u00e0<br>hauteur d\u2019un minimum de 20% de la surface plancher en bois et biosourc\u00e9s&nbsp;;<br>\uf0b7 En tant que partenaire du contrat de fili\u00e8re et du Programme R\u00e9gional For\u00eat Bois, et<br>financeur de la d\u00e9marche du Pacte port\u00e9e par FIBOIS au titre de la prescription bois ;<br>\uf0b7 En tant que financeur aupr\u00e8s des porteurs de projet (collectivit\u00e9s, associations, bailleurs<br>sociaux, entreprises,\u2026), avec des r\u00e9flexions en cours pour inciter \u00e0 utiliser davantage de bois<br>et de mat\u00e9riaux biosourc\u00e9s dans les op\u00e9rations de construction et de r\u00e9novation de<br>b\u00e2timents.<br>\u00c9coutez M. Thibaud SURINI, Charg\u00e9 de mission FIBOIS<\/h4>\n\n\n\n<figure class=\"wp-block-audio\"><audio controls src=\"http:\/\/www.rcn-radio.org\/wp-content\/uploads\/2024\/10\/AGRICULTURE-MATERIAUX-BIOSOURCES-PODCAST.mp3\"><\/audio><\/figure>\n","protected":false},"excerpt":{"rendered":"<p>Les grands enjeux de demain, qu\u2019est-ce qui change dans les m\u00e9tiers de la fili\u00e8re agricole et sesr\u00e9percussions sur notre avenir, 4 Podcasts pour mieux comprendre les enjeux\u00a0! Reportage 1: l&rsquo;installation des jeunes agriculteurs La R\u00e9gion Grand Est entend relever le d\u00e9fi du renouvellement des g\u00e9n\u00e9rations pour aider \u00e0l\u2019installation de 500 agriculteurs par an avec l\u2019appui [&hellip;]<\/p>\n","protected":false},"author":14,"featured_media":0,"comment_status":"open","ping_status":"open","sticky":false,"template":"","format":"standard","meta":[],"categories":[1],"tags":[],"_links":{"self":[{"href":"http:\/\/www.rcn-radio.org\/index.php\/wp-json\/wp\/v2\/posts\/29112"}],"collection":[{"href":"http:\/\/www.rcn-radio.org\/index.php\/wp-json\/wp\/v2\/posts"}],"about":[{"href":"http:\/\/www.rcn-radio.org\/index.php\/wp-json\/wp\/v2\/types\/post"}],"author":[{"embeddable":true,"href":"http:\/\/www.rcn-radio.org\/index.php\/wp-json\/wp\/v2\/users\/14"}],"replies":[{"embeddable":true,"href":"http:\/\/www.rcn-radio.org\/index.php\/wp-json\/wp\/v2\/comments?post=29112"}],"version-history":[{"count":36,"href":"http:\/\/www.rcn-radio.org\/index.php\/wp-json\/wp\/v2\/posts\/29112\/revisions"}],"predecessor-version":[{"id":29439,"href":"http:\/\/www.rcn-radio.org\/index.php\/wp-json\/wp\/v2\/posts\/29112\/revisions\/29439"}],"wp:attachment":[{"href":"http:\/\/www.rcn-radio.org\/index.php\/wp-json\/wp\/v2\/media?parent=29112"}],"wp:term":[{"taxonomy":"category","embeddable":true,"href":"http:\/\/www.rcn-radio.org\/index.php\/wp-json\/wp\/v2\/categories?post=29112"},{"taxonomy":"post_tag","embeddable":true,"href":"http:\/\/www.rcn-radio.org\/index.php\/wp-json\/wp\/v2\/tags?post=29112"}],"curies":[{"name":"wp","href":"https:\/\/api.w.org\/{rel}","templated":true}]}}