{"id":30072,"date":"2025-03-13T17:22:00","date_gmt":"2025-03-13T16:22:00","guid":{"rendered":"http:\/\/www.rcn-radio.org\/?p=30072"},"modified":"2025-03-13T18:14:45","modified_gmt":"2025-03-13T17:14:45","slug":"journee-de-laudition-prenez-soin-de-vos-oreilles","status":"publish","type":"post","link":"http:\/\/www.rcn-radio.org\/index.php\/journee-de-laudition-prenez-soin-de-vos-oreilles\/","title":{"rendered":"Journ\u00e9e de l\u2019audition : prenez soin de vos oreilles !"},"content":{"rendered":"<h1><span style=\"font-weight: 400;\">5 millions de Fran\u00e7ais souffrent de troubles auditifs. L\u2019audition, un enjeu de sant\u00e9 publique majeur, mais qui reste le parent pauvre des suivis de sant\u00e9.<\/span><\/h1>\n<h4><span style=\"font-weight: 400;\"><img decoding=\"async\" loading=\"lazy\" class=\"size-medium wp-image-30076 alignleft\" src=\"http:\/\/www.rcn-radio.org\/wp-content\/uploads\/2025\/03\/2025_03_13_journee_de_laudition-300x200.jpg\" alt=\"\" width=\"300\" height=\"200\" srcset=\"http:\/\/www.rcn-radio.org\/wp-content\/uploads\/2025\/03\/2025_03_13_journee_de_laudition-300x200.jpg 300w, http:\/\/www.rcn-radio.org\/wp-content\/uploads\/2025\/03\/2025_03_13_journee_de_laudition-1024x682.jpg 1024w, http:\/\/www.rcn-radio.org\/wp-content\/uploads\/2025\/03\/2025_03_13_journee_de_laudition-768x512.jpg 768w, http:\/\/www.rcn-radio.org\/wp-content\/uploads\/2025\/03\/2025_03_13_journee_de_laudition.jpg 1280w\" sizes=\"(max-width: 300px) 100vw, 300px\" \/>Nous sommes le jeudi 13 mars, date de la <\/span><span style=\"font-weight: 400;\">Journ\u00e9e nationale de l\u2019audition. L\u2019occasion de mettre en lumi\u00e8re les troubles auditifs, car ils concernent 5 millions de Fran\u00e7ais.\u00a0 <\/span><span style=\"font-weight: 400;\">\u201c<\/span><i><span style=\"font-weight: 400;\">Le capteur de l\u2019audition, qui se situe dans l\u2019oreille interne, est tr\u00e8s sensible \u00e0 un grand nombre d\u2019agents vuln\u00e9rants. <\/span><\/i><span style=\"font-weight: 400;\">\u00a0indique le <\/span><span style=\"font-weight: 400;\">Professeur C\u00e9cile <\/span><span style=\"font-weight: 400;\">Parietti-Winkler, professeur d\u2019ORL \u00e0 la Facult\u00e9 de m\u00e9decine de Nancy et praticien dans le service ORL du CHRU de Nancy, m\u00e9decin r\u00e9f\u00e9rent pour les pathologies de l\u2019oreille. <\/span><i><span style=\"font-weight: 400;\">En particulier, des agents que l\u2019on retrouve dans l\u2019environnement. A commencer par le bruit. C\u2019est ce que l\u2019on appelle la surstimulation sonore<\/span><\/i><span style=\"font-weight: 400;\">\u201d.\u00a0<\/span><\/h4>\n<h2><span style=\"font-weight: 400;\"><strong>Le bruit dans le cadre du travail<\/strong><\/span><\/h2>\n<h4><span style=\"font-weight: 400;\">La surstimulation sonore fait r\u00e9f\u00e9rence \u00e0 tous les bruits avec une intensit\u00e9 trop forte, au-del\u00e0 de 85 d\u00e9cibels. \u201c<\/span><i><span style=\"font-weight: 400;\">On les rencontre dans le milieu du travail, en particulier dans les usines ou la sid\u00e9rurgie. Des moyens de pr\u00e9vention sont d\u2019ailleurs mis en \u0153uvre dans le cadre de la m\u00e9decine du travail. Cela est encadr\u00e9 par une l\u00e9gislation qui s\u2019appelle la directive bruit<\/span><\/i><span style=\"font-weight: 400;\">\u201d. Une grille d\u2019intensit\u00e9 sonore permet de d\u00e9clencher des actions variables : signaler le bruit, limiter le bruit \u00e0 sa source, fournir des protecteurs individuels contre le bruit aux salari\u00e9s, etc.\u00a0<\/span><\/h4>\n<h2><span style=\"font-weight: 400;\"><strong>Le bruit dans le cadre des loisirs<\/strong>\u00a0<\/span><\/h2>\n<h4><span style=\"font-weight: 400;\">Ces bruits trop forts sont \u00e9galement rencontr\u00e9s dans le contexte du loisir. \u201c<\/span><i><span style=\"font-weight: 400;\">On supporte beaucoup mieux le bruit quand il nous fait plaisir que quand c\u2019est dans le cadre du travail<\/span><\/i><span style=\"font-weight: 400;\">, souligne le Professeur Parietti-Winkler. <\/span><i><span style=\"font-weight: 400;\">Cela concerne particuli\u00e8rement la musique amplifi\u00e9e dans les bo\u00eetes de nuit et salles de concert<\/span><\/i><span style=\"font-weight: 400;\">\u201d. Sont aussi concern\u00e9s le sport automobile ou la chasse, domaines dans lesquels les oreilles sont \u00e9galement expos\u00e9es au bruit. Vigilance \u00e9galement concernant le port d\u2019\u00e9couteurs. \u201c<\/span><i><span style=\"font-weight: 400;\">Le but n\u2019est pas d\u2019interdire ces pratiques. Mais il faut sensibiliser. Lorsque vous \u00eates \u00e0 un concert ou en discoth\u00e8que, ne vous mettez pas \u00e0 c\u00f4t\u00e9 des basses. Toutes les heures et demie, allez faire une pause dehors et laissez souffler vos oreilles. Le port de bouchons antibruit est utile et adapt\u00e9 dans ce genre de situations<\/span><\/i><span style=\"font-weight: 400;\">\u201d.\u00a0<\/span><\/h4>\n<h2><span style=\"font-weight: 400;\"><strong>Un processus irr\u00e9versible<\/strong><\/span><\/h2>\n<h4><span style=\"font-weight: 400;\">Lorsqu&rsquo;il y a trop de bruit, les cellules situ\u00e9es dans l\u2019oreille interne meurent et ne sont pas remplac\u00e9es. \u201c<\/span><i><span style=\"font-weight: 400;\">Les pertes sont irr\u00e9versibles. La surdit\u00e9 est constitu\u00e9e et on ne peut plus rien faire pour revenir en arri\u00e8re une fois qu\u2019elle est l\u00e0<\/span><\/i><span style=\"font-weight: 400;\">\u201d. C\u2019est l\u00e0 qu\u2019intervient la solution de l\u2019appareillage auditif. L<\/span><span style=\"font-weight: 400;\">es troubles auditifs touchent toutes les g\u00e9n\u00e9rations et continuent de progresser. \u201c<\/span><i><span style=\"font-weight: 400;\">Le probl\u00e8me actuellement, ce qu\u2019on l\u2019on ne con\u00e7oit pas de faire la f\u00eate sans mettre les d\u00e9cibels \u00e0 fond. En cons\u00e9quence, on assiste \u00e0 un vieillissement pr\u00e9coce de l\u2019audition. Il n\u2019est pas rare d\u2019observer des pertes auditives chez des personnes de 50 ans qui pr\u00e9sentent une audition \u00e9quivalente \u00e0 une personne de 70 ans<\/span><\/i><span style=\"font-weight: 400;\">\u201d.\u00a0<\/span><\/h4>\n<h2><span style=\"font-weight: 400;\"><strong>Des cons\u00e9quence sur la<\/strong>\u00a0<strong>qualit\u00e9 de vie<\/strong><\/span><\/h2>\n<h4><span style=\"font-weight: 400;\">L\u2019exposition r\u00e9guli\u00e8re \u00e0 des niveaux sonores dangereux a des cons\u00e9quences allant au-del\u00e0 de la surdit\u00e9. \u201c<\/span><i><span style=\"font-weight: 400;\">Lorsqu\u2019il y a surdit\u00e9, cela s\u2019accompagne souvent d&rsquo;acouph\u00e8nes. Ces derniers peuvent \u00eatre tr\u00e8s mal tol\u00e9r\u00e9s et entra\u00eener une d\u00e9gradation de la qualit\u00e9 de vie<\/span><\/i><span style=\"font-weight: 400;\">\u201d. On peut \u00e9galement constater des troubles de la concentration et une certaine fatigabilit\u00e9. \u201c<\/span><i><span style=\"font-weight: 400;\">Les personnes atteintes de surdit\u00e9 doivent faire un effort suppl\u00e9mentaire pour \u00e9couter et pallier ce d\u00e9ficit. Cet effort d&rsquo;\u00e9coute augmente le poids cognitif consacr\u00e9 \u00e0 l&rsquo;\u00e9coute<\/span><\/i><span style=\"font-weight: 400;\">\u201d.\u00a0<\/span><\/h4>\n","protected":false},"excerpt":{"rendered":"<p>5 millions de Fran\u00e7ais souffrent de troubles auditifs. L\u2019audition, un enjeu de sant\u00e9 publique majeur, mais qui reste le parent pauvre des suivis de sant\u00e9. Nous sommes le jeudi 13 mars, date de la Journ\u00e9e nationale de l\u2019audition. L\u2019occasion de mettre en lumi\u00e8re les troubles auditifs, car ils concernent 5 millions de Fran\u00e7ais.\u00a0 \u201cLe capteur [&hellip;]<\/p>\n","protected":false},"author":25,"featured_media":0,"comment_status":"open","ping_status":"open","sticky":false,"template":"","format":"standard","meta":[],"categories":[1],"tags":[],"_links":{"self":[{"href":"http:\/\/www.rcn-radio.org\/index.php\/wp-json\/wp\/v2\/posts\/30072"}],"collection":[{"href":"http:\/\/www.rcn-radio.org\/index.php\/wp-json\/wp\/v2\/posts"}],"about":[{"href":"http:\/\/www.rcn-radio.org\/index.php\/wp-json\/wp\/v2\/types\/post"}],"author":[{"embeddable":true,"href":"http:\/\/www.rcn-radio.org\/index.php\/wp-json\/wp\/v2\/users\/25"}],"replies":[{"embeddable":true,"href":"http:\/\/www.rcn-radio.org\/index.php\/wp-json\/wp\/v2\/comments?post=30072"}],"version-history":[{"count":12,"href":"http:\/\/www.rcn-radio.org\/index.php\/wp-json\/wp\/v2\/posts\/30072\/revisions"}],"predecessor-version":[{"id":30087,"href":"http:\/\/www.rcn-radio.org\/index.php\/wp-json\/wp\/v2\/posts\/30072\/revisions\/30087"}],"wp:attachment":[{"href":"http:\/\/www.rcn-radio.org\/index.php\/wp-json\/wp\/v2\/media?parent=30072"}],"wp:term":[{"taxonomy":"category","embeddable":true,"href":"http:\/\/www.rcn-radio.org\/index.php\/wp-json\/wp\/v2\/categories?post=30072"},{"taxonomy":"post_tag","embeddable":true,"href":"http:\/\/www.rcn-radio.org\/index.php\/wp-json\/wp\/v2\/tags?post=30072"}],"curies":[{"name":"wp","href":"https:\/\/api.w.org\/{rel}","templated":true}]}}