{"id":30197,"date":"2025-03-18T14:58:02","date_gmt":"2025-03-18T13:58:02","guid":{"rendered":"http:\/\/www.rcn-radio.org\/?p=30197"},"modified":"2025-03-18T15:07:17","modified_gmt":"2025-03-18T14:07:17","slug":"les-professionnels-de-la-culture-se-mobilisent","status":"publish","type":"post","link":"http:\/\/www.rcn-radio.org\/index.php\/les-professionnels-de-la-culture-se-mobilisent\/","title":{"rendered":"Les professionnels de la culture se mobilisent"},"content":{"rendered":"\n<figure class=\"wp-block-audio\"><audio controls src=\"http:\/\/www.rcn-radio.org\/wp-content\/uploads\/2025\/03\/2025_03_18_Le_quart_d_heure_actu_Collectif_culture_en_lutte_01.mp3\"><\/audio><\/figure>\n\n\n<h1>\u00a0<\/h1>\n<h1><span style=\"font-weight: 400;\">La mobilisation du secteur culturel prend de l&rsquo;ampleur. Partout \u00e0 travers la France, des collectifs se forment pour tirer la sonnette d\u2019alarme face aux coupes budg\u00e9taires.\u00a0<\/span><\/h1>\n<h3><span style=\"font-weight: 400;\"><img decoding=\"async\" loading=\"lazy\" class=\"size-medium wp-image-30200 alignleft\" src=\"http:\/\/www.rcn-radio.org\/wp-content\/uploads\/2025\/03\/2025_03_18_culture_en_lutte-300x200.jpg\" alt=\"\" width=\"300\" height=\"200\" srcset=\"http:\/\/www.rcn-radio.org\/wp-content\/uploads\/2025\/03\/2025_03_18_culture_en_lutte-300x200.jpg 300w, http:\/\/www.rcn-radio.org\/wp-content\/uploads\/2025\/03\/2025_03_18_culture_en_lutte-1024x682.jpg 1024w, http:\/\/www.rcn-radio.org\/wp-content\/uploads\/2025\/03\/2025_03_18_culture_en_lutte-768x512.jpg 768w, http:\/\/www.rcn-radio.org\/wp-content\/uploads\/2025\/03\/2025_03_18_culture_en_lutte.jpg 1280w\" sizes=\"(max-width: 300px) 100vw, 300px\" \/>Apr\u00e8s avoir subi une baisse de 100 millions d&rsquo;euros en d\u00e9cembre, le minist\u00e8re de la Culture a annonc\u00e9 une nouvelle coupe de 50 millions d&rsquo;euros pour son budget de 2025. De quoi r\u00e9veiller une col\u00e8re sourde qui gronde depuis de nombreux mois chez les professionnels du secteur culturel.\u00a0<\/span><\/h3>\n<h2><span style=\"font-weight: 400;\"><strong>Gel du Pass culture<\/strong><\/span><\/h2>\n<h3><span style=\"font-weight: 400;\">La suspension du Pass culture, notamment,\u00a0 a \u00e9t\u00e9 un v\u00e9ritable coup de massue. <\/span><span style=\"font-weight: 400;\">Ce dispositif permet de financer des actions culturelles dans les \u00e9tablissements scolaires. \u201c<\/span><i><span style=\"font-weight: 400;\">Les discours politiques consid\u00e8rent la culture selon des crit\u00e8res \u00e9conomiques<\/span><\/i><span style=\"font-weight: 400;\">, s\u2019indigne Ariane Lipp, directrice adjointe du Th\u00e9\u00e2tre de la Manufacture \u00e0 Nancy. <em>On observe un changement de philosophie en France.<\/em> <\/span><i><span style=\"font-weight: 400;\">Avant, la culture \u00e9tait consid\u00e9r\u00e9e comme indispensable et comme un bien commun auquel tout le monde pouvait avoir acc\u00e8s. Ce bien commun est en train de devenir un bien mat\u00e9riel consid\u00e9r\u00e9 selon des crit\u00e8res de rentabilit\u00e9. Ce qui am\u00e8ne \u00e0 une d\u00e9consid\u00e9ration du secteur culturel<\/span><\/i><span style=\"font-weight: 400;\">\u201d. Autre inqui\u00e9tude pour le secteur : la r\u00e9forme du RSA, entr\u00e9e en vigueur en janvier. Elle instaure notamment quinze heures d\u2019activit\u00e9 obligatoires par semaine pour les b\u00e9n\u00e9ficiaires.<\/span><\/h3>\n<h2><span style=\"font-weight: 400;\"><strong>Un tournant depuis la crise sanitaire<\/strong>\u00a0<\/span><\/h2>\n<h3><span style=\"font-weight: 400;\">Les professionnels du secteur culturel d\u00e9noncent l&rsquo;incertitude et le manque de visibilit\u00e9. Leur malaise s\u2019est amplifi\u00e9 depuis la crise du Covid-19. \u201c<\/span><i><span style=\"font-weight: 400;\">Pendant la crise sanitaire, nous avons \u00e9t\u00e9 jug\u00e9s comme non-essentiels<\/span><\/i><span style=\"font-weight: 400;\">, soupire Ariane Lipp. <\/span><i><span style=\"font-weight: 400;\">Cette mise \u00e0 l\u2019\u00e9cart nous a fait beaucoup de mal psychologiquement<\/span><\/i><span style=\"font-weight: 400;\">\u201d. Depuis la sortie de la crise, l\u2019inflation a fortement impact\u00e9 les structures qui ont d\u00fb baisser leur budget d&rsquo;activit\u00e9 en parall\u00e8le de la hausse du budget de fonctionnement. C\u2019est pourquoi aujourd\u2019hui, la mobilisation du secteur culturel prend de l&rsquo;ampleur. Partout en France des collectifs \u201cCulture en lutte\u201d se forment \u00e0 l&rsquo;initiative des acteurs du secteur culturel pour tirer la sonnette d\u2019alarme. Un collectif a r\u00e9cemment vu le jour en Lorraine. \u201c<\/span><i><span style=\"font-weight: 400;\">Le collectif rassemble des syndicats de salari\u00e9s et d\u2019employeurs, mais il est \u00e9galement ouvert aux personnes non-syndiqu\u00e9es, ainsi qu\u2019aux spectateurs\u201d<\/span><\/i><span style=\"font-weight: 400;\">.\u00a0<\/span><\/h3>","protected":false},"excerpt":{"rendered":"<p>\u00a0 La mobilisation du secteur culturel prend de l&rsquo;ampleur. Partout \u00e0 travers la France, des collectifs se forment pour tirer la sonnette d\u2019alarme face aux coupes budg\u00e9taires.\u00a0 Apr\u00e8s avoir subi une baisse de 100 millions d&rsquo;euros en d\u00e9cembre, le minist\u00e8re de la Culture a annonc\u00e9 une nouvelle coupe de 50 millions d&rsquo;euros pour son budget [&hellip;]<\/p>\n","protected":false},"author":25,"featured_media":0,"comment_status":"open","ping_status":"open","sticky":false,"template":"","format":"standard","meta":[],"categories":[1],"tags":[],"_links":{"self":[{"href":"http:\/\/www.rcn-radio.org\/index.php\/wp-json\/wp\/v2\/posts\/30197"}],"collection":[{"href":"http:\/\/www.rcn-radio.org\/index.php\/wp-json\/wp\/v2\/posts"}],"about":[{"href":"http:\/\/www.rcn-radio.org\/index.php\/wp-json\/wp\/v2\/types\/post"}],"author":[{"embeddable":true,"href":"http:\/\/www.rcn-radio.org\/index.php\/wp-json\/wp\/v2\/users\/25"}],"replies":[{"embeddable":true,"href":"http:\/\/www.rcn-radio.org\/index.php\/wp-json\/wp\/v2\/comments?post=30197"}],"version-history":[{"count":7,"href":"http:\/\/www.rcn-radio.org\/index.php\/wp-json\/wp\/v2\/posts\/30197\/revisions"}],"predecessor-version":[{"id":30207,"href":"http:\/\/www.rcn-radio.org\/index.php\/wp-json\/wp\/v2\/posts\/30197\/revisions\/30207"}],"wp:attachment":[{"href":"http:\/\/www.rcn-radio.org\/index.php\/wp-json\/wp\/v2\/media?parent=30197"}],"wp:term":[{"taxonomy":"category","embeddable":true,"href":"http:\/\/www.rcn-radio.org\/index.php\/wp-json\/wp\/v2\/categories?post=30197"},{"taxonomy":"post_tag","embeddable":true,"href":"http:\/\/www.rcn-radio.org\/index.php\/wp-json\/wp\/v2\/tags?post=30197"}],"curies":[{"name":"wp","href":"https:\/\/api.w.org\/{rel}","templated":true}]}}