{"id":30212,"date":"2025-03-19T16:17:09","date_gmt":"2025-03-19T15:17:09","guid":{"rendered":"http:\/\/www.rcn-radio.org\/?p=30212"},"modified":"2025-03-19T16:19:48","modified_gmt":"2025-03-19T15:19:48","slug":"snc-40-ans-daccompagnement-aupres-des-demandeurs-demploi","status":"publish","type":"post","link":"http:\/\/www.rcn-radio.org\/index.php\/snc-40-ans-daccompagnement-aupres-des-demandeurs-demploi\/","title":{"rendered":"SNC : 40 ans d\u2019accompagnement aupr\u00e8s des demandeurs d\u2019emploi"},"content":{"rendered":"<h3><span style=\"font-weight: 400;\"><img decoding=\"async\" loading=\"lazy\" class=\"size-medium wp-image-30214 alignleft\" src=\"http:\/\/www.rcn-radio.org\/wp-content\/uploads\/2025\/03\/2025_03_19_association_SNC-300x200.jpg\" alt=\"\" width=\"300\" height=\"200\" srcset=\"http:\/\/www.rcn-radio.org\/wp-content\/uploads\/2025\/03\/2025_03_19_association_SNC-300x200.jpg 300w, http:\/\/www.rcn-radio.org\/wp-content\/uploads\/2025\/03\/2025_03_19_association_SNC-1024x683.jpg 1024w, http:\/\/www.rcn-radio.org\/wp-content\/uploads\/2025\/03\/2025_03_19_association_SNC-768x512.jpg 768w, http:\/\/www.rcn-radio.org\/wp-content\/uploads\/2025\/03\/2025_03_19_association_SNC.jpg 1280w\" sizes=\"(max-width: 300px) 100vw, 300px\" \/>La hausse du ch\u00f4mage touche particuli\u00e8rement les jeunes de moins de 25 ans. Le taux de ch\u00f4mage s\u2019\u00e9levait \u00e0 7,3 % de la population active au quatri\u00e8me trimestre 2024. Proposer un accompagnement humain aux personnes en recherche d\u2019emploi, c\u2019est l\u2019objectif de Solidarit\u00e9s nouvelles face au ch\u00f4mage. L\u2019association \u0153uvre en ce sens depuis 40 ans partout en France. Les personnes en recherche d\u2019emploi sont accompagn\u00e9es par des b\u00e9n\u00e9voles form\u00e9s au soutien et \u00e0 l&rsquo;\u00e9coute.\u00a0<\/span><\/h3>\n<h3><span style=\"font-weight: 400;\">Depuis sa cr\u00e9ation, l\u2019association a accompagn\u00e9 pr\u00e8s de 100 000 personnes au niveau national. Pour c\u00e9l\u00e9brer les 40 ans de l\u2019association, \u00e0 Nancy, une action Quartiers Libres sur les chercheurs d\u2019emploi, cr\u00e9\u00e9e et anim\u00e9e par le Th\u00e9\u00e2tre de la Manufacture, est organis\u00e9e samedi 22 mars. Une lecture-repr\u00e9sentation aura lieu \u00e0 16h30, suivie d\u2019un \u00e9change avec l\u2019auteur et la com\u00e9dienne.<\/span><\/h3>\n<h4><i><span style=\"font-weight: 400;\">\u00c9coutez l\u2019interview de Didier Fessard, b\u00e9n\u00e9vole au sein de l&rsquo;antenne nanc\u00e9ienne.<\/span><\/i><\/h4>\n<!--[if lt IE 9]><script>document.createElement('audio');<\/script><![endif]-->\n<audio class=\"wp-audio-shortcode\" id=\"audio-30212-1\" preload=\"none\" style=\"width: 100%;\" controls=\"controls\"><source type=\"audio\/mpeg\" src=\"http:\/\/www.rcn-radio.org\/wp-content\/uploads\/2025\/03\/2025_03_19_Le_quart_d_heure_actu_40_ans_asso_solidarite_nouvelle_face_au_chomage_01.mp3?_=1\" \/><a href=\"http:\/\/www.rcn-radio.org\/wp-content\/uploads\/2025\/03\/2025_03_19_Le_quart_d_heure_actu_40_ans_asso_solidarite_nouvelle_face_au_chomage_01.mp3\">http:\/\/www.rcn-radio.org\/wp-content\/uploads\/2025\/03\/2025_03_19_Le_quart_d_heure_actu_40_ans_asso_solidarite_nouvelle_face_au_chomage_01.mp3<\/a><\/audio>\n","protected":false},"excerpt":{"rendered":"<p>La hausse du ch\u00f4mage touche particuli\u00e8rement les jeunes de moins de 25 ans. Le taux de ch\u00f4mage s\u2019\u00e9levait \u00e0 7,3 % de la population active au quatri\u00e8me trimestre 2024. Proposer un accompagnement humain aux personnes en recherche d\u2019emploi, c\u2019est l\u2019objectif de Solidarit\u00e9s nouvelles face au ch\u00f4mage. L\u2019association \u0153uvre en ce sens depuis 40 ans partout [&hellip;]<\/p>\n","protected":false},"author":25,"featured_media":0,"comment_status":"open","ping_status":"open","sticky":false,"template":"","format":"standard","meta":[],"categories":[1],"tags":[],"_links":{"self":[{"href":"http:\/\/www.rcn-radio.org\/index.php\/wp-json\/wp\/v2\/posts\/30212"}],"collection":[{"href":"http:\/\/www.rcn-radio.org\/index.php\/wp-json\/wp\/v2\/posts"}],"about":[{"href":"http:\/\/www.rcn-radio.org\/index.php\/wp-json\/wp\/v2\/types\/post"}],"author":[{"embeddable":true,"href":"http:\/\/www.rcn-radio.org\/index.php\/wp-json\/wp\/v2\/users\/25"}],"replies":[{"embeddable":true,"href":"http:\/\/www.rcn-radio.org\/index.php\/wp-json\/wp\/v2\/comments?post=30212"}],"version-history":[{"count":4,"href":"http:\/\/www.rcn-radio.org\/index.php\/wp-json\/wp\/v2\/posts\/30212\/revisions"}],"predecessor-version":[{"id":30218,"href":"http:\/\/www.rcn-radio.org\/index.php\/wp-json\/wp\/v2\/posts\/30212\/revisions\/30218"}],"wp:attachment":[{"href":"http:\/\/www.rcn-radio.org\/index.php\/wp-json\/wp\/v2\/media?parent=30212"}],"wp:term":[{"taxonomy":"category","embeddable":true,"href":"http:\/\/www.rcn-radio.org\/index.php\/wp-json\/wp\/v2\/categories?post=30212"},{"taxonomy":"post_tag","embeddable":true,"href":"http:\/\/www.rcn-radio.org\/index.php\/wp-json\/wp\/v2\/tags?post=30212"}],"curies":[{"name":"wp","href":"https:\/\/api.w.org\/{rel}","templated":true}]}}