{"id":30349,"date":"2025-03-25T21:04:23","date_gmt":"2025-03-25T20:04:23","guid":{"rendered":"http:\/\/www.rcn-radio.org\/?p=30349"},"modified":"2025-03-25T21:10:13","modified_gmt":"2025-03-25T20:10:13","slug":"grand-est-maintenir-lacces-a-la-culture-en-ruralite","status":"publish","type":"post","link":"http:\/\/www.rcn-radio.org\/index.php\/grand-est-maintenir-lacces-a-la-culture-en-ruralite\/","title":{"rendered":"Grand Est : maintenir l\u2019acc\u00e8s \u00e0 la culture en ruralit\u00e9"},"content":{"rendered":"\n<figure class=\"wp-block-audio\"><audio controls src=\"http:\/\/www.rcn-radio.org\/wp-content\/uploads\/2025\/03\/2025_03_25_Le_quart_d_heure_actu_L_acces_a_la_culture_en_ruralite_01.mp3\"><\/audio><\/figure>\n\n\n<h1><br \/><span style=\"font-weight: 400;\">Maintenir l\u2019acc\u00e8s \u00e0 la culture en ruralit\u00e9 ; c\u2019est l\u2019enjeu des huit rencontres organis\u00e9es en 2024 sur la th\u00e9matique \u201cCulture et ruralit\u00e9s\u201d. Elles ont \u00e9t\u00e9 conduites sur l\u2019ensemble des d\u00e9partements du Grand Est. Objectif pour la R\u00e9gion : apporter des r\u00e9ponses aux probl\u00e9matiques soulev\u00e9es.\u00a0\u00a0<\/span><\/h1>\n<h3><span style=\"font-weight: 400;\"><img decoding=\"async\" loading=\"lazy\" class=\"size-medium wp-image-30351 alignleft\" src=\"http:\/\/www.rcn-radio.org\/wp-content\/uploads\/2025\/03\/2025_03_25_culture-ruralite-300x169.jpg\" alt=\"\" width=\"300\" height=\"169\" srcset=\"http:\/\/www.rcn-radio.org\/wp-content\/uploads\/2025\/03\/2025_03_25_culture-ruralite-300x169.jpg 300w, http:\/\/www.rcn-radio.org\/wp-content\/uploads\/2025\/03\/2025_03_25_culture-ruralite-1024x576.jpg 1024w, http:\/\/www.rcn-radio.org\/wp-content\/uploads\/2025\/03\/2025_03_25_culture-ruralite-768x432.jpg 768w, http:\/\/www.rcn-radio.org\/wp-content\/uploads\/2025\/03\/2025_03_25_culture-ruralite.jpg 1280w\" sizes=\"(max-width: 300px) 100vw, 300px\" \/>Huit rencontres dans les huit d\u00e9partements du Grand Est ; la R\u00e9gion a men\u00e9 en 2024 des concertations avec les acteurs culturels des territoires ruraux. \u201c<\/span><i><span style=\"font-weight: 400;\">Nous sommes all\u00e9s \u00e0 leur rencontre pour les \u00e9couter et faire un diagnostic partag\u00e9 avec eux<\/span><\/i><span style=\"font-weight: 400;\">, indique Martine Lizola, pr\u00e9sidente de la commission Culture et M\u00e9moire \u00e0 la R\u00e9gion Grand Est. <\/span><i><span style=\"font-weight: 400;\">Il s\u2019agissait de voir quelles r\u00e9ponses nous pouvions apporter \u00e0 leurs probl\u00e9matiques. Bien s\u00fbr, nous n\u2019avons pas d\u00e9couvert les choses. Mais c\u2019\u00e9tait encore mieux d\u2019en discuter directement avec les diff\u00e9rents partenaires sur les territoires<\/span><\/i><span style=\"font-weight: 400;\">\u201d.<\/span><\/h3>\n<h2><span style=\"font-weight: 400;\"><strong>Quels sont les constats ?<\/strong>\u00a0<\/span><\/h2>\n<h3><span style=\"font-weight: 400;\">Parmi les remont\u00e9es : un manque au niveau de l&rsquo;ing\u00e9nierie. \u201c<\/span><i><span style=\"font-weight: 400;\">En ruralit\u00e9, les acteurs culturels fonctionnent souvent avec les moyens du bord. Les collectivit\u00e9 et les \u00e9quipes artistiques sont assez d\u00e9munies en termes de ressources humaines. Elles doivent souvent compter sur la solidarit\u00e9 et la volont\u00e9 des b\u00e9n\u00e9voles<\/span><\/i><span style=\"font-weight: 400;\">\u201d. Les difficult\u00e9s li\u00e9es aux mobilit\u00e9s sont aussi un frein important. Tout comme les difficult\u00e9s concernant les \u00e9quipements des salles des f\u00eates. \u201c<\/span><i><span style=\"font-weight: 400;\">Beaucoup de communes rurales poss\u00e8dent des salles des f\u00eates. Mais elles ne sont souvent pas adapt\u00e9es pour accueillir des \u00e9v\u00e9nements culturel<\/span><\/i><span style=\"font-weight: 400;\">s\u201d. En r\u00e9ponse \u00e0 ces questions soulev\u00e9es, la R\u00e9gion apportera des solutions \u00e0 la fois financi\u00e8res, mat\u00e9rielles et logistiques. \u201c<\/span><i><span style=\"font-weight: 400;\">Tout cela sera act\u00e9 via un nouveau r\u00e8glement que nous r\u00e9digerons au mois de juin<\/span><\/i><span style=\"font-weight: 400;\">\u201d.<\/span><\/h3>\n<h2><span style=\"font-weight: 400;\"><strong>Un vecteur de lien social<\/strong>\u00a0<\/span><\/h2>\n<h3><span style=\"font-weight: 400;\">A l\u2019heure o\u00f9 les budgets sont contraints, Martine Lizola rappelle que \u201c<\/span><i><span style=\"font-weight: 400;\">nous n\u2019avons pas de baguette magique. Mais nous refusons de prendre la culture comme variable d\u2019ajustement pour \u00e9quilibrer notre budget. La culture est un \u00e9l\u00e9ment vital du vivre-ensemble<\/span><\/i><span style=\"font-weight: 400;\">\u201d. Les efforts financiers demand\u00e9s par l\u2019Etat aux collectivit\u00e9s ont contraint la R\u00e9gion \u00e0 revoir l\u2019enveloppe d\u00e9di\u00e9e \u00e0 la culture :\u00a0 entre 3 et 6% de baisse. \u201c<\/span><i><span style=\"font-weight: 400;\">Nous avons choisi de faire supporter cette baisse aux grandes institutions culturelles que nous consid\u00e9rons mieux arm\u00e9es. Nous avons plac\u00e9 hors champ de l\u2019effort budg\u00e9taire les compagnies artistiques, car nous voulons prot\u00e9ger la cr\u00e9ation. Nous avons aussi prot\u00e9g\u00e9 les \u00e9coles d\u2019art et les structures qui s\u2019y adossent<\/span><\/i><span style=\"font-weight: 400;\">\u201d.\u00a0<\/span><\/h3>","protected":false},"excerpt":{"rendered":"<p>Maintenir l\u2019acc\u00e8s \u00e0 la culture en ruralit\u00e9 ; c\u2019est l\u2019enjeu des huit rencontres organis\u00e9es en 2024 sur la th\u00e9matique \u201cCulture et ruralit\u00e9s\u201d. Elles ont \u00e9t\u00e9 conduites sur l\u2019ensemble des d\u00e9partements du Grand Est. Objectif pour la R\u00e9gion : apporter des r\u00e9ponses aux probl\u00e9matiques soulev\u00e9es.\u00a0\u00a0 Huit rencontres dans les huit d\u00e9partements du Grand Est ; la [&hellip;]<\/p>\n","protected":false},"author":25,"featured_media":0,"comment_status":"open","ping_status":"open","sticky":false,"template":"","format":"standard","meta":[],"categories":[1],"tags":[],"_links":{"self":[{"href":"http:\/\/www.rcn-radio.org\/index.php\/wp-json\/wp\/v2\/posts\/30349"}],"collection":[{"href":"http:\/\/www.rcn-radio.org\/index.php\/wp-json\/wp\/v2\/posts"}],"about":[{"href":"http:\/\/www.rcn-radio.org\/index.php\/wp-json\/wp\/v2\/types\/post"}],"author":[{"embeddable":true,"href":"http:\/\/www.rcn-radio.org\/index.php\/wp-json\/wp\/v2\/users\/25"}],"replies":[{"embeddable":true,"href":"http:\/\/www.rcn-radio.org\/index.php\/wp-json\/wp\/v2\/comments?post=30349"}],"version-history":[{"count":7,"href":"http:\/\/www.rcn-radio.org\/index.php\/wp-json\/wp\/v2\/posts\/30349\/revisions"}],"predecessor-version":[{"id":30358,"href":"http:\/\/www.rcn-radio.org\/index.php\/wp-json\/wp\/v2\/posts\/30349\/revisions\/30358"}],"wp:attachment":[{"href":"http:\/\/www.rcn-radio.org\/index.php\/wp-json\/wp\/v2\/media?parent=30349"}],"wp:term":[{"taxonomy":"category","embeddable":true,"href":"http:\/\/www.rcn-radio.org\/index.php\/wp-json\/wp\/v2\/categories?post=30349"},{"taxonomy":"post_tag","embeddable":true,"href":"http:\/\/www.rcn-radio.org\/index.php\/wp-json\/wp\/v2\/tags?post=30349"}],"curies":[{"name":"wp","href":"https:\/\/api.w.org\/{rel}","templated":true}]}}