{"id":30419,"date":"2025-03-28T13:22:14","date_gmt":"2025-03-28T12:22:14","guid":{"rendered":"http:\/\/www.rcn-radio.org\/?p=30419"},"modified":"2025-03-28T13:22:15","modified_gmt":"2025-03-28T12:22:15","slug":"en-images-art-verrier-a-la-decouverte-du-cerfav-de-vannes-le-chatel","status":"publish","type":"post","link":"http:\/\/www.rcn-radio.org\/index.php\/en-images-art-verrier-a-la-decouverte-du-cerfav-de-vannes-le-chatel\/","title":{"rendered":"[EN IMAGES] Art verrier : \u00e0 la d\u00e9couverte du Cerfav de Vannes-le-Ch\u00e2tel"},"content":{"rendered":"\n<figure class=\"wp-block-audio\"><audio controls src=\"http:\/\/www.rcn-radio.org\/wp-content\/uploads\/2025\/03\/2025_03_28_Le_quart_d_heure_actu_Portes_ouvertes_CERFAV_Vannes_Le_Chatel_01.mp3\"><\/audio><\/figure>\n\n\n<h1>\u00a0<\/h1>\n<h1><span style=\"font-weight: 400;\">L&rsquo;art verrier, tradition de longue date en Lorraine. C\u2019est justement pour mettre ce beau savoir-faire en avant que le Cerfav, le Centre Europ\u00e9en de Recherches et Formation aux Arts Verriers, a organis\u00e9 des Journ\u00e9es Portes Ouvertes. Ce centre, situ\u00e9 \u00e0 <\/span><span style=\"font-weight: 400;\">Vannes-le-Ch\u00e2tel, <\/span><span style=\"font-weight: 400;\">forme \u00e0 l&rsquo;ensemble des m\u00e9tiers du verre.<\/span><\/h1>\n<div id=\"attachment_30421\" style=\"width: 1034px\" class=\"wp-caption aligncenter\"><img aria-describedby=\"caption-attachment-30421\" decoding=\"async\" loading=\"lazy\" class=\"wp-image-30421 size-large\" src=\"http:\/\/www.rcn-radio.org\/wp-content\/uploads\/2025\/03\/2025_03_28_cerfav_photo1-1024x681.jpg\" alt=\"\" width=\"1024\" height=\"681\" srcset=\"http:\/\/www.rcn-radio.org\/wp-content\/uploads\/2025\/03\/2025_03_28_cerfav_photo1-1024x681.jpg 1024w, http:\/\/www.rcn-radio.org\/wp-content\/uploads\/2025\/03\/2025_03_28_cerfav_photo1-300x199.jpg 300w, http:\/\/www.rcn-radio.org\/wp-content\/uploads\/2025\/03\/2025_03_28_cerfav_photo1-768x511.jpg 768w, http:\/\/www.rcn-radio.org\/wp-content\/uploads\/2025\/03\/2025_03_28_cerfav_photo1-1536x1021.jpg 1536w, http:\/\/www.rcn-radio.org\/wp-content\/uploads\/2025\/03\/2025_03_28_cerfav_photo1-2048x1362.jpg 2048w\" sizes=\"(max-width: 1024px) 100vw, 1024px\" \/><p id=\"caption-attachment-30421\" class=\"wp-caption-text\">\u00a9 Magali Santulli<\/p><\/div>\n<div id=\"attachment_30422\" style=\"width: 2570px\" class=\"wp-caption aligncenter\"><img aria-describedby=\"caption-attachment-30422\" decoding=\"async\" loading=\"lazy\" class=\"wp-image-30422 size-full\" src=\"http:\/\/www.rcn-radio.org\/wp-content\/uploads\/2025\/03\/2025_03_28_cerfav_photo2-scaled.jpg\" alt=\"\" width=\"2560\" height=\"1702\" srcset=\"http:\/\/www.rcn-radio.org\/wp-content\/uploads\/2025\/03\/2025_03_28_cerfav_photo2-scaled.jpg 2560w, http:\/\/www.rcn-radio.org\/wp-content\/uploads\/2025\/03\/2025_03_28_cerfav_photo2-300x199.jpg 300w, http:\/\/www.rcn-radio.org\/wp-content\/uploads\/2025\/03\/2025_03_28_cerfav_photo2-1024x681.jpg 1024w, http:\/\/www.rcn-radio.org\/wp-content\/uploads\/2025\/03\/2025_03_28_cerfav_photo2-768x511.jpg 768w, http:\/\/www.rcn-radio.org\/wp-content\/uploads\/2025\/03\/2025_03_28_cerfav_photo2-1536x1021.jpg 1536w, http:\/\/www.rcn-radio.org\/wp-content\/uploads\/2025\/03\/2025_03_28_cerfav_photo2-2048x1362.jpg 2048w\" sizes=\"(max-width: 2560px) 100vw, 2560px\" \/><p id=\"caption-attachment-30422\" class=\"wp-caption-text\">\u00a9 Magali Santulli<\/p><\/div>\n<div id=\"attachment_30423\" style=\"width: 1034px\" class=\"wp-caption aligncenter\"><img aria-describedby=\"caption-attachment-30423\" decoding=\"async\" loading=\"lazy\" class=\"wp-image-30423 size-large\" src=\"http:\/\/www.rcn-radio.org\/wp-content\/uploads\/2025\/03\/2025_03_28_cerfav_photo3-1024x681.jpg\" alt=\"\" width=\"1024\" height=\"681\" srcset=\"http:\/\/www.rcn-radio.org\/wp-content\/uploads\/2025\/03\/2025_03_28_cerfav_photo3-1024x681.jpg 1024w, http:\/\/www.rcn-radio.org\/wp-content\/uploads\/2025\/03\/2025_03_28_cerfav_photo3-300x199.jpg 300w, http:\/\/www.rcn-radio.org\/wp-content\/uploads\/2025\/03\/2025_03_28_cerfav_photo3-768x511.jpg 768w, http:\/\/www.rcn-radio.org\/wp-content\/uploads\/2025\/03\/2025_03_28_cerfav_photo3-1536x1021.jpg 1536w, http:\/\/www.rcn-radio.org\/wp-content\/uploads\/2025\/03\/2025_03_28_cerfav_photo3-2048x1362.jpg 2048w\" sizes=\"(max-width: 1024px) 100vw, 1024px\" \/><p id=\"caption-attachment-30423\" class=\"wp-caption-text\">\u00a9 Magali Santulli<\/p><\/div>\n<div id=\"attachment_30424\" style=\"width: 1034px\" class=\"wp-caption aligncenter\"><img aria-describedby=\"caption-attachment-30424\" decoding=\"async\" loading=\"lazy\" class=\"wp-image-30424 size-large\" src=\"http:\/\/www.rcn-radio.org\/wp-content\/uploads\/2025\/03\/2025_03_28_cerfav_photo4-1024x681.jpg\" alt=\"\" width=\"1024\" height=\"681\" srcset=\"http:\/\/www.rcn-radio.org\/wp-content\/uploads\/2025\/03\/2025_03_28_cerfav_photo4-1024x681.jpg 1024w, http:\/\/www.rcn-radio.org\/wp-content\/uploads\/2025\/03\/2025_03_28_cerfav_photo4-300x199.jpg 300w, http:\/\/www.rcn-radio.org\/wp-content\/uploads\/2025\/03\/2025_03_28_cerfav_photo4-768x511.jpg 768w, http:\/\/www.rcn-radio.org\/wp-content\/uploads\/2025\/03\/2025_03_28_cerfav_photo4-1536x1021.jpg 1536w, http:\/\/www.rcn-radio.org\/wp-content\/uploads\/2025\/03\/2025_03_28_cerfav_photo4-2048x1362.jpg 2048w\" sizes=\"(max-width: 1024px) 100vw, 1024px\" \/><p id=\"caption-attachment-30424\" class=\"wp-caption-text\">\u00a9 Magali Santulli<\/p><\/div>\n<div id=\"attachment_30425\" style=\"width: 1034px\" class=\"wp-caption aligncenter\"><img aria-describedby=\"caption-attachment-30425\" decoding=\"async\" loading=\"lazy\" class=\"wp-image-30425 size-large\" src=\"http:\/\/www.rcn-radio.org\/wp-content\/uploads\/2025\/03\/2025_03_28_cerfav_photo5-1024x681.jpg\" alt=\"\" width=\"1024\" height=\"681\" srcset=\"http:\/\/www.rcn-radio.org\/wp-content\/uploads\/2025\/03\/2025_03_28_cerfav_photo5-1024x681.jpg 1024w, http:\/\/www.rcn-radio.org\/wp-content\/uploads\/2025\/03\/2025_03_28_cerfav_photo5-300x199.jpg 300w, http:\/\/www.rcn-radio.org\/wp-content\/uploads\/2025\/03\/2025_03_28_cerfav_photo5-768x511.jpg 768w, http:\/\/www.rcn-radio.org\/wp-content\/uploads\/2025\/03\/2025_03_28_cerfav_photo5-1536x1021.jpg 1536w, http:\/\/www.rcn-radio.org\/wp-content\/uploads\/2025\/03\/2025_03_28_cerfav_photo5-2048x1362.jpg 2048w\" sizes=\"(max-width: 1024px) 100vw, 1024px\" \/><p id=\"caption-attachment-30425\" class=\"wp-caption-text\">\u00a9 Magali Santulli<\/p><\/div>\n<div id=\"attachment_30426\" style=\"width: 1034px\" class=\"wp-caption aligncenter\"><img aria-describedby=\"caption-attachment-30426\" decoding=\"async\" loading=\"lazy\" class=\"wp-image-30426 size-large\" src=\"http:\/\/www.rcn-radio.org\/wp-content\/uploads\/2025\/03\/2025_03_28_cerfav_photo6-1024x681.jpg\" alt=\"\" width=\"1024\" height=\"681\" srcset=\"http:\/\/www.rcn-radio.org\/wp-content\/uploads\/2025\/03\/2025_03_28_cerfav_photo6-1024x681.jpg 1024w, http:\/\/www.rcn-radio.org\/wp-content\/uploads\/2025\/03\/2025_03_28_cerfav_photo6-300x199.jpg 300w, http:\/\/www.rcn-radio.org\/wp-content\/uploads\/2025\/03\/2025_03_28_cerfav_photo6-768x511.jpg 768w, http:\/\/www.rcn-radio.org\/wp-content\/uploads\/2025\/03\/2025_03_28_cerfav_photo6-1536x1021.jpg 1536w, http:\/\/www.rcn-radio.org\/wp-content\/uploads\/2025\/03\/2025_03_28_cerfav_photo6-2048x1362.jpg 2048w\" sizes=\"(max-width: 1024px) 100vw, 1024px\" \/><p id=\"caption-attachment-30426\" class=\"wp-caption-text\">\u00a9 Magali Santulli<\/p><\/div>\n<div id=\"attachment_30427\" style=\"width: 1034px\" class=\"wp-caption aligncenter\"><img aria-describedby=\"caption-attachment-30427\" decoding=\"async\" loading=\"lazy\" class=\"wp-image-30427 size-large\" src=\"http:\/\/www.rcn-radio.org\/wp-content\/uploads\/2025\/03\/2025_03_28_cerfav_photo7-1024x681.jpg\" alt=\"\" width=\"1024\" height=\"681\" srcset=\"http:\/\/www.rcn-radio.org\/wp-content\/uploads\/2025\/03\/2025_03_28_cerfav_photo7-1024x681.jpg 1024w, http:\/\/www.rcn-radio.org\/wp-content\/uploads\/2025\/03\/2025_03_28_cerfav_photo7-300x199.jpg 300w, http:\/\/www.rcn-radio.org\/wp-content\/uploads\/2025\/03\/2025_03_28_cerfav_photo7-768x511.jpg 768w, http:\/\/www.rcn-radio.org\/wp-content\/uploads\/2025\/03\/2025_03_28_cerfav_photo7-1536x1021.jpg 1536w, http:\/\/www.rcn-radio.org\/wp-content\/uploads\/2025\/03\/2025_03_28_cerfav_photo7-2048x1362.jpg 2048w\" sizes=\"(max-width: 1024px) 100vw, 1024px\" \/><p id=\"caption-attachment-30427\" class=\"wp-caption-text\">\u00a9 Magali Santulli<\/p><\/div>\n<div id=\"attachment_30428\" style=\"width: 1034px\" class=\"wp-caption aligncenter\"><img aria-describedby=\"caption-attachment-30428\" decoding=\"async\" loading=\"lazy\" class=\"wp-image-30428 size-large\" src=\"http:\/\/www.rcn-radio.org\/wp-content\/uploads\/2025\/03\/2025_03_28_cerfav_photo8-1024x681.jpg\" alt=\"\" width=\"1024\" height=\"681\" srcset=\"http:\/\/www.rcn-radio.org\/wp-content\/uploads\/2025\/03\/2025_03_28_cerfav_photo8-1024x681.jpg 1024w, http:\/\/www.rcn-radio.org\/wp-content\/uploads\/2025\/03\/2025_03_28_cerfav_photo8-300x199.jpg 300w, http:\/\/www.rcn-radio.org\/wp-content\/uploads\/2025\/03\/2025_03_28_cerfav_photo8-768x511.jpg 768w, http:\/\/www.rcn-radio.org\/wp-content\/uploads\/2025\/03\/2025_03_28_cerfav_photo8-1536x1021.jpg 1536w, http:\/\/www.rcn-radio.org\/wp-content\/uploads\/2025\/03\/2025_03_28_cerfav_photo8-2048x1362.jpg 2048w\" sizes=\"(max-width: 1024px) 100vw, 1024px\" \/><p id=\"caption-attachment-30428\" class=\"wp-caption-text\">\u00a9 Magali Santulli<\/p><\/div>\n<div id=\"attachment_30429\" style=\"width: 1034px\" class=\"wp-caption aligncenter\"><img aria-describedby=\"caption-attachment-30429\" decoding=\"async\" loading=\"lazy\" class=\"wp-image-30429 size-large\" src=\"http:\/\/www.rcn-radio.org\/wp-content\/uploads\/2025\/03\/2025_03_28_cerfav_photo9-1024x681.jpg\" alt=\"\" width=\"1024\" height=\"681\" srcset=\"http:\/\/www.rcn-radio.org\/wp-content\/uploads\/2025\/03\/2025_03_28_cerfav_photo9-1024x681.jpg 1024w, http:\/\/www.rcn-radio.org\/wp-content\/uploads\/2025\/03\/2025_03_28_cerfav_photo9-300x199.jpg 300w, http:\/\/www.rcn-radio.org\/wp-content\/uploads\/2025\/03\/2025_03_28_cerfav_photo9-768x511.jpg 768w, http:\/\/www.rcn-radio.org\/wp-content\/uploads\/2025\/03\/2025_03_28_cerfav_photo9-1536x1021.jpg 1536w, http:\/\/www.rcn-radio.org\/wp-content\/uploads\/2025\/03\/2025_03_28_cerfav_photo9-2048x1362.jpg 2048w\" sizes=\"(max-width: 1024px) 100vw, 1024px\" \/><p id=\"caption-attachment-30429\" class=\"wp-caption-text\">\u00a9 Magali Santulli<\/p><\/div>\n<div id=\"attachment_30430\" style=\"width: 1034px\" class=\"wp-caption aligncenter\"><img aria-describedby=\"caption-attachment-30430\" decoding=\"async\" loading=\"lazy\" class=\"wp-image-30430 size-large\" src=\"http:\/\/www.rcn-radio.org\/wp-content\/uploads\/2025\/03\/2025_03_28_cerfav_photo10-1024x681.jpg\" alt=\"\" width=\"1024\" height=\"681\" srcset=\"http:\/\/www.rcn-radio.org\/wp-content\/uploads\/2025\/03\/2025_03_28_cerfav_photo10-1024x681.jpg 1024w, http:\/\/www.rcn-radio.org\/wp-content\/uploads\/2025\/03\/2025_03_28_cerfav_photo10-300x199.jpg 300w, http:\/\/www.rcn-radio.org\/wp-content\/uploads\/2025\/03\/2025_03_28_cerfav_photo10-768x511.jpg 768w, http:\/\/www.rcn-radio.org\/wp-content\/uploads\/2025\/03\/2025_03_28_cerfav_photo10-1536x1021.jpg 1536w, http:\/\/www.rcn-radio.org\/wp-content\/uploads\/2025\/03\/2025_03_28_cerfav_photo10-2048x1362.jpg 2048w\" sizes=\"(max-width: 1024px) 100vw, 1024px\" \/><p id=\"caption-attachment-30430\" class=\"wp-caption-text\">\u00a9 Magali Santulli<\/p><\/div>","protected":false},"excerpt":{"rendered":"<p>\u00a0 L&rsquo;art verrier, tradition de longue date en Lorraine. C\u2019est justement pour mettre ce beau savoir-faire en avant que le Cerfav, le Centre Europ\u00e9en de Recherches et Formation aux Arts Verriers, a organis\u00e9 des Journ\u00e9es Portes Ouvertes. Ce centre, situ\u00e9 \u00e0 Vannes-le-Ch\u00e2tel, forme \u00e0 l&rsquo;ensemble des m\u00e9tiers du verre.<\/p>\n","protected":false},"author":25,"featured_media":0,"comment_status":"open","ping_status":"open","sticky":false,"template":"","format":"standard","meta":[],"categories":[1],"tags":[],"_links":{"self":[{"href":"http:\/\/www.rcn-radio.org\/index.php\/wp-json\/wp\/v2\/posts\/30419"}],"collection":[{"href":"http:\/\/www.rcn-radio.org\/index.php\/wp-json\/wp\/v2\/posts"}],"about":[{"href":"http:\/\/www.rcn-radio.org\/index.php\/wp-json\/wp\/v2\/types\/post"}],"author":[{"embeddable":true,"href":"http:\/\/www.rcn-radio.org\/index.php\/wp-json\/wp\/v2\/users\/25"}],"replies":[{"embeddable":true,"href":"http:\/\/www.rcn-radio.org\/index.php\/wp-json\/wp\/v2\/comments?post=30419"}],"version-history":[{"count":2,"href":"http:\/\/www.rcn-radio.org\/index.php\/wp-json\/wp\/v2\/posts\/30419\/revisions"}],"predecessor-version":[{"id":30432,"href":"http:\/\/www.rcn-radio.org\/index.php\/wp-json\/wp\/v2\/posts\/30419\/revisions\/30432"}],"wp:attachment":[{"href":"http:\/\/www.rcn-radio.org\/index.php\/wp-json\/wp\/v2\/media?parent=30419"}],"wp:term":[{"taxonomy":"category","embeddable":true,"href":"http:\/\/www.rcn-radio.org\/index.php\/wp-json\/wp\/v2\/categories?post=30419"},{"taxonomy":"post_tag","embeddable":true,"href":"http:\/\/www.rcn-radio.org\/index.php\/wp-json\/wp\/v2\/tags?post=30419"}],"curies":[{"name":"wp","href":"https:\/\/api.w.org\/{rel}","templated":true}]}}