{"id":30492,"date":"2025-04-03T14:16:52","date_gmt":"2025-04-03T13:16:52","guid":{"rendered":"http:\/\/www.rcn-radio.org\/?p=30492"},"modified":"2025-04-03T14:16:53","modified_gmt":"2025-04-03T13:16:53","slug":"il-faut-sauver-la-fonction-publique","status":"publish","type":"post","link":"http:\/\/www.rcn-radio.org\/index.php\/il-faut-sauver-la-fonction-publique\/","title":{"rendered":"Il faut sauver la Fonction publique"},"content":{"rendered":"<h1><img decoding=\"async\" loading=\"lazy\" class=\"size-medium wp-image-30498 alignleft\" src=\"http:\/\/www.rcn-radio.org\/wp-content\/uploads\/2025\/04\/2025_04_03_fonction_publique-225x300.jpg\" alt=\"\" width=\"225\" height=\"300\" srcset=\"http:\/\/www.rcn-radio.org\/wp-content\/uploads\/2025\/04\/2025_04_03_fonction_publique-225x300.jpg 225w, http:\/\/www.rcn-radio.org\/wp-content\/uploads\/2025\/04\/2025_04_03_fonction_publique-769x1024.jpg 769w, http:\/\/www.rcn-radio.org\/wp-content\/uploads\/2025\/04\/2025_04_03_fonction_publique-768x1023.jpg 768w, http:\/\/www.rcn-radio.org\/wp-content\/uploads\/2025\/04\/2025_04_03_fonction_publique-1153x1536.jpg 1153w, http:\/\/www.rcn-radio.org\/wp-content\/uploads\/2025\/04\/2025_04_03_fonction_publique-1538x2048.jpg 1538w, http:\/\/www.rcn-radio.org\/wp-content\/uploads\/2025\/04\/2025_04_03_fonction_publique-scaled.jpg 1922w\" sizes=\"(max-width: 225px) 100vw, 225px\" \/>Ce jeudi 3 avril 2025, plusieurs syndicats de la Fonction publique appellent \u00e0 une journ\u00e9e de mobilisation. Ils entendent d\u00e9noncer les choix budg\u00e9taires n\u00e9fastes pour la Fonction publique. A Nancy, ils se sont rassembl\u00e9s Place Colonel Driant pour \u00ab <em>pour d\u00e9fendre les services publics et<\/em>\u00a0<em>les agents<\/em> \u00bb.<\/h1>\n<h2><span style=\"font-weight: 400;\">Ecoutez Franck Stocker, secr\u00e9taire d\u00e9partemental de la CGT finances publiques 54 :<\/span><\/h2>\n<!--[if lt IE 9]><script>document.createElement('audio');<\/script><![endif]-->\n<audio class=\"wp-audio-shortcode\" id=\"audio-30492-1\" preload=\"none\" style=\"width: 100%;\" controls=\"controls\"><source type=\"audio\/mpeg\" src=\"http:\/\/www.rcn-radio.org\/wp-content\/uploads\/2025\/04\/2025_04_03_fonction_publique1.mp3?_=1\" \/><a href=\"http:\/\/www.rcn-radio.org\/wp-content\/uploads\/2025\/04\/2025_04_03_fonction_publique1.mp3\">http:\/\/www.rcn-radio.org\/wp-content\/uploads\/2025\/04\/2025_04_03_fonction_publique1.mp3<\/a><\/audio>\n<h2><\/h2>\n<h2>\n<span style=\"font-weight: 400;\">Stanislas Bourrel est co-secr\u00e9taire d\u00e9partemental du syndicat enseignant FSU 54 :<\/span><\/h2>\n<audio class=\"wp-audio-shortcode\" id=\"audio-30492-2\" preload=\"none\" style=\"width: 100%;\" controls=\"controls\"><source type=\"audio\/mpeg\" src=\"http:\/\/www.rcn-radio.org\/wp-content\/uploads\/2025\/04\/2025_04_03_fonction_publique2.mp3?_=2\" \/><a href=\"http:\/\/www.rcn-radio.org\/wp-content\/uploads\/2025\/04\/2025_04_03_fonction_publique2.mp3\">http:\/\/www.rcn-radio.org\/wp-content\/uploads\/2025\/04\/2025_04_03_fonction_publique2.mp3<\/a><\/audio>\n<h2><\/h2>\n<h2>Dans les classes, les cons\u00e9quences sont concr\u00e8tes :<\/h2>\n<audio class=\"wp-audio-shortcode\" id=\"audio-30492-3\" preload=\"none\" style=\"width: 100%;\" controls=\"controls\"><source type=\"audio\/mpeg\" src=\"http:\/\/www.rcn-radio.org\/wp-content\/uploads\/2025\/04\/2025_04_03_fonction_publique3.mp3?_=3\" \/><a href=\"http:\/\/www.rcn-radio.org\/wp-content\/uploads\/2025\/04\/2025_04_03_fonction_publique3.mp3\">http:\/\/www.rcn-radio.org\/wp-content\/uploads\/2025\/04\/2025_04_03_fonction_publique3.mp3<\/a><\/audio>\n","protected":false},"excerpt":{"rendered":"<p>Ce jeudi 3 avril 2025, plusieurs syndicats de la Fonction publique appellent \u00e0 une journ\u00e9e de mobilisation. Ils entendent d\u00e9noncer les choix budg\u00e9taires n\u00e9fastes pour la Fonction publique. A Nancy, ils se sont rassembl\u00e9s Place Colonel Driant pour \u00ab pour d\u00e9fendre les services publics et\u00a0les agents \u00bb. Ecoutez Franck Stocker, secr\u00e9taire d\u00e9partemental de la CGT [&hellip;]<\/p>\n","protected":false},"author":25,"featured_media":0,"comment_status":"open","ping_status":"open","sticky":false,"template":"","format":"standard","meta":[],"categories":[1],"tags":[],"_links":{"self":[{"href":"http:\/\/www.rcn-radio.org\/index.php\/wp-json\/wp\/v2\/posts\/30492"}],"collection":[{"href":"http:\/\/www.rcn-radio.org\/index.php\/wp-json\/wp\/v2\/posts"}],"about":[{"href":"http:\/\/www.rcn-radio.org\/index.php\/wp-json\/wp\/v2\/types\/post"}],"author":[{"embeddable":true,"href":"http:\/\/www.rcn-radio.org\/index.php\/wp-json\/wp\/v2\/users\/25"}],"replies":[{"embeddable":true,"href":"http:\/\/www.rcn-radio.org\/index.php\/wp-json\/wp\/v2\/comments?post=30492"}],"version-history":[{"count":4,"href":"http:\/\/www.rcn-radio.org\/index.php\/wp-json\/wp\/v2\/posts\/30492\/revisions"}],"predecessor-version":[{"id":30500,"href":"http:\/\/www.rcn-radio.org\/index.php\/wp-json\/wp\/v2\/posts\/30492\/revisions\/30500"}],"wp:attachment":[{"href":"http:\/\/www.rcn-radio.org\/index.php\/wp-json\/wp\/v2\/media?parent=30492"}],"wp:term":[{"taxonomy":"category","embeddable":true,"href":"http:\/\/www.rcn-radio.org\/index.php\/wp-json\/wp\/v2\/categories?post=30492"},{"taxonomy":"post_tag","embeddable":true,"href":"http:\/\/www.rcn-radio.org\/index.php\/wp-json\/wp\/v2\/tags?post=30492"}],"curies":[{"name":"wp","href":"https:\/\/api.w.org\/{rel}","templated":true}]}}