{"id":30629,"date":"2025-04-13T11:08:11","date_gmt":"2025-04-13T10:08:11","guid":{"rendered":"http:\/\/www.rcn-radio.org\/?p=30629"},"modified":"2025-04-13T11:12:29","modified_gmt":"2025-04-13T10:12:29","slug":"podcast-vandoeuvre-les-nancy-conserver-la-memoire-des-quartiers","status":"publish","type":"post","link":"http:\/\/www.rcn-radio.org\/index.php\/podcast-vandoeuvre-les-nancy-conserver-la-memoire-des-quartiers\/","title":{"rendered":"[PODCAST] Vand\u0153uvre-l\u00e8s-Nancy : conserver la m\u00e9moire des quartiers"},"content":{"rendered":"<h2><span style=\"font-weight: 400;\"><img decoding=\"async\" loading=\"lazy\" class=\"size-medium wp-image-30631 alignleft\" src=\"http:\/\/www.rcn-radio.org\/wp-content\/uploads\/2025\/04\/2025_04_13_quartiers_vandoeuvre-300x225.jpg\" alt=\"\" width=\"300\" height=\"225\" srcset=\"http:\/\/www.rcn-radio.org\/wp-content\/uploads\/2025\/04\/2025_04_13_quartiers_vandoeuvre-300x225.jpg 300w, http:\/\/www.rcn-radio.org\/wp-content\/uploads\/2025\/04\/2025_04_13_quartiers_vandoeuvre-1024x769.jpg 1024w, http:\/\/www.rcn-radio.org\/wp-content\/uploads\/2025\/04\/2025_04_13_quartiers_vandoeuvre-768x577.jpg 768w, http:\/\/www.rcn-radio.org\/wp-content\/uploads\/2025\/04\/2025_04_13_quartiers_vandoeuvre-1536x1153.jpg 1536w, http:\/\/www.rcn-radio.org\/wp-content\/uploads\/2025\/04\/2025_04_13_quartiers_vandoeuvre-2048x1538.jpg 2048w\" sizes=\"(max-width: 300px) 100vw, 300px\" \/>Comment une ville peut-elle conserver la m\u00e9moire de ses quartiers tout en se projetant vers l&rsquo;avenir ? A <\/span><span style=\"font-weight: 400;\">Vand\u0153uvre-l\u00e8s-Nancy, le projet HiLo est en train de se construire dans <\/span><span style=\"font-weight: 400;\">le cadre de la r\u00e9novation urbaine des quartiers Vand&rsquo;Est, \u00c9toile et For\u00eat Noire. Un projet pour permettre aux habitants d&rsquo;\u00e9crire leur histoire. \u00c9coutez l\u2019interview d\u2019Aur\u00e9lie Picaut, charg\u00e9e du projet.<\/span><\/h2>\n<!--[if lt IE 9]><script>document.createElement('audio');<\/script><![endif]-->\n<audio class=\"wp-audio-shortcode\" id=\"audio-30629-1\" preload=\"none\" style=\"width: 100%;\" controls=\"controls\"><source type=\"audio\/mpeg\" src=\"http:\/\/www.rcn-radio.org\/wp-content\/uploads\/2025\/04\/2025_04_11_Le_quart_d_heure_actu_Projet_Hilo_Vandoeuvre-1.mp3?_=1\" \/><a href=\"http:\/\/www.rcn-radio.org\/wp-content\/uploads\/2025\/04\/2025_04_11_Le_quart_d_heure_actu_Projet_Hilo_Vandoeuvre-1.mp3\">http:\/\/www.rcn-radio.org\/wp-content\/uploads\/2025\/04\/2025_04_11_Le_quart_d_heure_actu_Projet_Hilo_Vandoeuvre-1.mp3<\/a><\/audio>\n","protected":false},"excerpt":{"rendered":"<p>Comment une ville peut-elle conserver la m\u00e9moire de ses quartiers tout en se projetant vers l&rsquo;avenir ? A Vand\u0153uvre-l\u00e8s-Nancy, le projet HiLo est en train de se construire dans le cadre de la r\u00e9novation urbaine des quartiers Vand&rsquo;Est, \u00c9toile et For\u00eat Noire. Un projet pour permettre aux habitants d&rsquo;\u00e9crire leur histoire. \u00c9coutez l\u2019interview d\u2019Aur\u00e9lie Picaut, [&hellip;]<\/p>\n","protected":false},"author":25,"featured_media":0,"comment_status":"open","ping_status":"open","sticky":false,"template":"","format":"standard","meta":[],"categories":[1],"tags":[],"_links":{"self":[{"href":"http:\/\/www.rcn-radio.org\/index.php\/wp-json\/wp\/v2\/posts\/30629"}],"collection":[{"href":"http:\/\/www.rcn-radio.org\/index.php\/wp-json\/wp\/v2\/posts"}],"about":[{"href":"http:\/\/www.rcn-radio.org\/index.php\/wp-json\/wp\/v2\/types\/post"}],"author":[{"embeddable":true,"href":"http:\/\/www.rcn-radio.org\/index.php\/wp-json\/wp\/v2\/users\/25"}],"replies":[{"embeddable":true,"href":"http:\/\/www.rcn-radio.org\/index.php\/wp-json\/wp\/v2\/comments?post=30629"}],"version-history":[{"count":3,"href":"http:\/\/www.rcn-radio.org\/index.php\/wp-json\/wp\/v2\/posts\/30629\/revisions"}],"predecessor-version":[{"id":30634,"href":"http:\/\/www.rcn-radio.org\/index.php\/wp-json\/wp\/v2\/posts\/30629\/revisions\/30634"}],"wp:attachment":[{"href":"http:\/\/www.rcn-radio.org\/index.php\/wp-json\/wp\/v2\/media?parent=30629"}],"wp:term":[{"taxonomy":"category","embeddable":true,"href":"http:\/\/www.rcn-radio.org\/index.php\/wp-json\/wp\/v2\/categories?post=30629"},{"taxonomy":"post_tag","embeddable":true,"href":"http:\/\/www.rcn-radio.org\/index.php\/wp-json\/wp\/v2\/tags?post=30629"}],"curies":[{"name":"wp","href":"https:\/\/api.w.org\/{rel}","templated":true}]}}