{"id":31907,"date":"2025-07-07T07:46:55","date_gmt":"2025-07-07T06:46:55","guid":{"rendered":"http:\/\/www.rcn-radio.org\/?p=31907"},"modified":"2025-07-11T21:51:41","modified_gmt":"2025-07-11T20:51:41","slug":"region-grand-est-autorite-de-gestion-des-financements-europeens","status":"publish","type":"post","link":"http:\/\/www.rcn-radio.org\/index.php\/region-grand-est-autorite-de-gestion-des-financements-europeens\/","title":{"rendered":"[PODCAST] R\u00c9GION GRAND EST, Autorit\u00e9 de gestion des Financements Europ\u00e9ens\u00a0!"},"content":{"rendered":"\n<p><\/p>\n\n\n\n<p>Avez-vous d\u00e9j\u00e0 entendu parler des fonds europ\u00e9ens&nbsp;? G\u00e9r\u00e9s par la R\u00e9gion Grand Est, ils ont permis de soutenir 22&nbsp;000 projets utiles au quotidien&nbsp;: soutien d\u2019entreprise innovante, accompagnement d\u2019agriculteur, r\u00e9novation d\u2019\u00e9cole ou d\u00e9veloppement de mobilit\u00e9s douces\u2026. Entre 2014 et 2022, c\u2019est plus d\u20191 milliard d\u2019\u20ac de fonds europ\u00e9ens qui ont \u00e9t\u00e9 d\u00e9ploy\u00e9s sur le territoire r\u00e9gional<\/p>\n\n\n\n<p>Pour en savoir plus, d\u00e9couvrez Des initiatives locales soutenues par des fonds europ\u00e9ens<\/p>\n\n\n\n<p><em>Le r\u00f4le du FEDER, du FEADER et du FSE+ dans le financement de projets ambitieux pour une transition \u00e9cologique durable.<\/em><\/p>\n\n\n\n<div class=\"wp-block-media-text alignwide is-stacked-on-mobile\"><figure class=\"wp-block-media-text__media\"><img decoding=\"async\" loading=\"lazy\" width=\"320\" height=\"240\" src=\"http:\/\/www.rcn-radio.org\/wp-content\/uploads\/2025\/07\/DFE-DIPLT-Photo.png\" alt=\"\" class=\"wp-image-31905 size-full\" srcset=\"http:\/\/www.rcn-radio.org\/wp-content\/uploads\/2025\/07\/DFE-DIPLT-Photo.png 320w, http:\/\/www.rcn-radio.org\/wp-content\/uploads\/2025\/07\/DFE-DIPLT-Photo-300x225.png 300w\" sizes=\"(max-width: 320px) 100vw, 320px\" \/><\/figure><div class=\"wp-block-media-text__content\">\n<h3>1 &#8211; Am\u00e9nagement d&rsquo;un local de stockage et de transformation de produits carn\u00e9s et d&rsquo;un laboratoire de fabrication de p\u00e2tes avec le GAEC du CITISE (54)<\/h3>\n\n\n\n<p>Production&nbsp;: AZUR FM<\/p>\n<\/div><\/div>\n\n\n\n<div class=\"wp-block-media-text alignwide is-stacked-on-mobile\"><figure class=\"wp-block-media-text__media\"><img decoding=\"async\" loading=\"lazy\" width=\"540\" height=\"360\" src=\"http:\/\/www.rcn-radio.org\/wp-content\/uploads\/2025\/07\/DFE-UNGERSHEIM-PHOTO.jpg\" alt=\"\" class=\"wp-image-31903 size-full\" srcset=\"http:\/\/www.rcn-radio.org\/wp-content\/uploads\/2025\/07\/DFE-UNGERSHEIM-PHOTO.jpg 540w, http:\/\/www.rcn-radio.org\/wp-content\/uploads\/2025\/07\/DFE-UNGERSHEIM-PHOTO-300x200.jpg 300w\" sizes=\"(max-width: 540px) 100vw, 540px\" \/><\/figure><div class=\"wp-block-media-text__content\">\n<h3>2 &#8211; R\u00e9novation b\u00e2timent basse consommation (BBC) d\u2019une \u00e9cole \u00e9l\u00e9mentaire \u00e0 UNGERSHEIM (68)<\/h3>\n\n\n\n<p>Production&nbsp;: AZUR FM<\/p>\n<\/div><\/div>\n\n\n\n<div class=\"wp-block-media-text alignwide is-stacked-on-mobile\"><figure class=\"wp-block-media-text__media\"><img decoding=\"async\" loading=\"lazy\" width=\"1024\" height=\"684\" src=\"http:\/\/www.rcn-radio.org\/wp-content\/uploads\/2025\/07\/DFE-GAEC-CITISE-PHOTO-1024x684.jpg\" alt=\"\" class=\"wp-image-31904 size-full\" srcset=\"http:\/\/www.rcn-radio.org\/wp-content\/uploads\/2025\/07\/DFE-GAEC-CITISE-PHOTO-1024x684.jpg 1024w, http:\/\/www.rcn-radio.org\/wp-content\/uploads\/2025\/07\/DFE-GAEC-CITISE-PHOTO-300x200.jpg 300w, http:\/\/www.rcn-radio.org\/wp-content\/uploads\/2025\/07\/DFE-GAEC-CITISE-PHOTO-768x513.jpg 768w, http:\/\/www.rcn-radio.org\/wp-content\/uploads\/2025\/07\/DFE-GAEC-CITISE-PHOTO-1536x1026.jpg 1536w, http:\/\/www.rcn-radio.org\/wp-content\/uploads\/2025\/07\/DFE-GAEC-CITISE-PHOTO.jpg 1600w\" sizes=\"(max-width: 1024px) 100vw, 1024px\" \/><\/figure><div class=\"wp-block-media-text__content\">\n<h3>3 &#8211; Encourager la r\u00e9novation et le r\u00e9emploi des mat\u00e9riaux, avec l\u2019association Des Id\u00e9es Plein la T\u00eate (DIPLT) (51)<\/h3>\n\n\n\n<p>Production&nbsp;: RJR<\/p>\n\n\n\n<p>Une coproduction des Radios Associatives, avec le soutien de la R\u00e9gion Grand Est<\/p>\n<\/div><\/div>\n","protected":false},"excerpt":{"rendered":"<p>Avez-vous d\u00e9j\u00e0 entendu parler des fonds europ\u00e9ens&nbsp;? G\u00e9r\u00e9s par la R\u00e9gion Grand Est, ils ont permis de soutenir 22&nbsp;000 projets utiles au quotidien&nbsp;: soutien d\u2019entreprise innovante, accompagnement d\u2019agriculteur, r\u00e9novation d\u2019\u00e9cole ou d\u00e9veloppement de mobilit\u00e9s douces\u2026. Entre 2014 et 2022, c\u2019est plus d\u20191 milliard d\u2019\u20ac de fonds europ\u00e9ens qui ont \u00e9t\u00e9 d\u00e9ploy\u00e9s sur le territoire r\u00e9gional [&hellip;]<\/p>\n","protected":false},"author":14,"featured_media":0,"comment_status":"open","ping_status":"open","sticky":false,"template":"","format":"standard","meta":[],"categories":[1],"tags":[],"_links":{"self":[{"href":"http:\/\/www.rcn-radio.org\/index.php\/wp-json\/wp\/v2\/posts\/31907"}],"collection":[{"href":"http:\/\/www.rcn-radio.org\/index.php\/wp-json\/wp\/v2\/posts"}],"about":[{"href":"http:\/\/www.rcn-radio.org\/index.php\/wp-json\/wp\/v2\/types\/post"}],"author":[{"embeddable":true,"href":"http:\/\/www.rcn-radio.org\/index.php\/wp-json\/wp\/v2\/users\/14"}],"replies":[{"embeddable":true,"href":"http:\/\/www.rcn-radio.org\/index.php\/wp-json\/wp\/v2\/comments?post=31907"}],"version-history":[{"count":3,"href":"http:\/\/www.rcn-radio.org\/index.php\/wp-json\/wp\/v2\/posts\/31907\/revisions"}],"predecessor-version":[{"id":32033,"href":"http:\/\/www.rcn-radio.org\/index.php\/wp-json\/wp\/v2\/posts\/31907\/revisions\/32033"}],"wp:attachment":[{"href":"http:\/\/www.rcn-radio.org\/index.php\/wp-json\/wp\/v2\/media?parent=31907"}],"wp:term":[{"taxonomy":"category","embeddable":true,"href":"http:\/\/www.rcn-radio.org\/index.php\/wp-json\/wp\/v2\/categories?post=31907"},{"taxonomy":"post_tag","embeddable":true,"href":"http:\/\/www.rcn-radio.org\/index.php\/wp-json\/wp\/v2\/tags?post=31907"}],"curies":[{"name":"wp","href":"https:\/\/api.w.org\/{rel}","templated":true}]}}