{"id":31940,"date":"2025-07-09T06:38:05","date_gmt":"2025-07-09T05:38:05","guid":{"rendered":"http:\/\/www.rcn-radio.org\/?p=31940"},"modified":"2025-07-10T06:12:34","modified_gmt":"2025-07-10T05:12:34","slug":"nancy-comment-lutter-contre-la-delinquance-en-centre-ville","status":"publish","type":"post","link":"http:\/\/www.rcn-radio.org\/index.php\/nancy-comment-lutter-contre-la-delinquance-en-centre-ville\/","title":{"rendered":"Nancy\u00a0: comment lutter contre la d\u00e9linquance en centre-ville ?"},"content":{"rendered":"<h1><span style=\"font-weight: 400;\"><img decoding=\"async\" loading=\"lazy\" class=\"size-medium wp-image-31944 alignleft\" src=\"http:\/\/www.rcn-radio.org\/wp-content\/uploads\/2025\/07\/2025_07_09_delinquance_nancy-280x300.png\" alt=\"\" width=\"280\" height=\"300\" srcset=\"http:\/\/www.rcn-radio.org\/wp-content\/uploads\/2025\/07\/2025_07_09_delinquance_nancy-280x300.png 280w, http:\/\/www.rcn-radio.org\/wp-content\/uploads\/2025\/07\/2025_07_09_delinquance_nancy.png 478w\" sizes=\"(max-width: 280px) 100vw, 280px\" \/>Consommation d\u2019alcool sur la voie publique, narcotrafic, regroupements\u2026 A Nancy, la municipalit\u00e9, la pr\u00e9fecture de Meurthe-et-Moselle, ainsi que les polices nationale et municipale ont pris plusieurs mesures afin de lutter contre diverses formes de d\u00e9linquance au centre-ville.<\/span><\/h1>\n<h3><span style=\"font-weight: 400;\">Depuis quelques mois, le narcotrafic fait beaucoup de bruit \u00e0 Nancy. En particulier dans le secteur Saint-Nicolas\/Docteur Schmitt. Face \u00e0 cette importante circulation de substances illicites, plusieurs mesures ont \u00e9t\u00e9 prises dans ce quartier. Les patrouilles de police se sont multipli\u00e9es, et des bancs et arceaux \u00e0 v\u00e9lo, rep\u00e9r\u00e9s comme \u00e9tant sujets \u00e0 regroupements, ont \u00e9t\u00e9 enlev\u00e9s de l\u2019espace public. Par ailleurs, des op\u00e9rations de terrain de plus grande ampleur ont \u00e9t\u00e9 men\u00e9es par la police nationale dans plusieurs quartiers de la m\u00e9tropole nanc\u00e9ienne. L\u2019une d\u2019elles, effectu\u00e9e en juin dernier, s\u2019est montr\u00e9e particuli\u00e8rement efficace : \u00ab <i>Suite \u00e0 plusieurs semaines d\u2019enqu\u00eate, nous avons interpell\u00e9 un certain nombre de personnes avec des cartouches de cigarettes venant du Luxembourg, d\u2019assez fortes sommes en num\u00e9raire, un peu de stup\u00e9fiants &#8211; du cannabis et de l\u2019h\u00e9ro\u00efne -, et \u00e9galement du trafic de m\u00e9dicaments<\/i> \u00bb, d\u00e9voile Maurice Alibert, directeur interd\u00e9partemental adjoint de la police nationale.<\/span><\/h3>\n<h2><span style=\"font-weight: 400;\"><strong>\u00c9viter les regroupements<\/strong><\/span><\/h2>\n<h3><span style=\"font-weight: 400;\">Du c\u00f4t\u00e9 de la Place Charles III, des rassemblements, facteurs de perturbations, ont \u00e9t\u00e9 constat\u00e9s : casses, vols \u00e0 l\u2019\u00e9talage, etc. La pr\u00e9sence des forces de l\u2019ordre a donc \u00e9t\u00e9 renforc\u00e9e en vue de temp\u00e9rer ces r\u00e9unions. Une mesure a \u00e9galement \u00e9t\u00e9 prise, visant plus particuli\u00e8rement les mineurs pr\u00e9sents lors de ces rassemblements : le maire de Nancy, Mathieu Klein, a tenu \u00e0 rencontrer lui-m\u00eame certains de ces jeunes. \u00ab <i>Un rappel \u00e0 la loi [a \u00e9t\u00e9 op\u00e9r\u00e9] sur la base de la convocation de mineurs habitants de Nancy, par moi-m\u00eame en tant que maire ou par des adjoints.<\/i> \u00bb, d\u00e9clare-t-il. Selon l&rsquo;\u00e9lu, le but de ces rencontres est de faire comprendre \u00e0 ces jeunes les cons\u00e9quences de leurs actes, sa volont\u00e9 n\u2019\u00e9tant pas de les interdire de se r\u00e9unir.<\/span><\/h3>\n<h2><span style=\"font-weight: 400;\"><strong>R\u00e9duire les ravages de l\u2019alcool<\/strong><\/span><\/h2>\n<h3><span style=\"font-weight: 400;\">Des probl\u00e8mes d\u2019errance ont \u00e9t\u00e9 observ\u00e9s, notamment pr\u00e8s de Place des Vosges. Des \u00ab <i>personnes marginales, souvent alcoolis\u00e9es ou d\u00e9pendantes de produits, g\u00e9n\u00e8rent des troubles \u00e0 l\u2019ordre public <\/i>\u00bb, indique Mathieu Klein. Pour limiter tout incident li\u00e9 \u00e0 ces comportements, supermarch\u00e9s et sup\u00e9rettes du secteur ont d\u00e9sormais interdiction de vendre de l\u2019alcool apr\u00e8s 20h ; horaire qui sera bient\u00f4t avanc\u00e9 \u00e0 17h sur d\u00e9cision commune du maire et de la pr\u00e9f\u00e8te de Meurthe-et-Moselle, Fran\u00e7oise Souliman. Les bars ne sont pas concern\u00e9s. La consommation d\u2019alcool est prohib\u00e9e dans l\u2019espace public, \u00e0 toute heure de la journ\u00e9e. \u00ab <i>J\u2019esp\u00e8re lancer l\u2019exp\u00e9rimentation du retrait de tous les commerces nanc\u00e9iens volontaires des bi\u00e8res de plus de six degr\u00e9s entre juillet et d\u00e9cembre. Le but est de limiter la consommation de ce produit par les fauteurs de troubles<\/i> \u00bb, conclut Mathieu Klein.<\/span><\/h3>\n<h5 style=\"text-align: right;\"><span style=\"font-weight: 400;\">Un article r\u00e9dig\u00e9 par Alexis Barth\u00e9l\u00e9my.<\/span><\/h5>\n","protected":false},"excerpt":{"rendered":"<p>Consommation d\u2019alcool sur la voie publique, narcotrafic, regroupements\u2026 A Nancy, la municipalit\u00e9, la pr\u00e9fecture de Meurthe-et-Moselle, ainsi que les polices nationale et municipale ont pris plusieurs mesures afin de lutter contre diverses formes de d\u00e9linquance au centre-ville. Depuis quelques mois, le narcotrafic fait beaucoup de bruit \u00e0 Nancy. En particulier dans le secteur Saint-Nicolas\/Docteur Schmitt. [&hellip;]<\/p>\n","protected":false},"author":25,"featured_media":0,"comment_status":"open","ping_status":"open","sticky":false,"template":"","format":"standard","meta":[],"categories":[1],"tags":[],"_links":{"self":[{"href":"http:\/\/www.rcn-radio.org\/index.php\/wp-json\/wp\/v2\/posts\/31940"}],"collection":[{"href":"http:\/\/www.rcn-radio.org\/index.php\/wp-json\/wp\/v2\/posts"}],"about":[{"href":"http:\/\/www.rcn-radio.org\/index.php\/wp-json\/wp\/v2\/types\/post"}],"author":[{"embeddable":true,"href":"http:\/\/www.rcn-radio.org\/index.php\/wp-json\/wp\/v2\/users\/25"}],"replies":[{"embeddable":true,"href":"http:\/\/www.rcn-radio.org\/index.php\/wp-json\/wp\/v2\/comments?post=31940"}],"version-history":[{"count":28,"href":"http:\/\/www.rcn-radio.org\/index.php\/wp-json\/wp\/v2\/posts\/31940\/revisions"}],"predecessor-version":[{"id":31982,"href":"http:\/\/www.rcn-radio.org\/index.php\/wp-json\/wp\/v2\/posts\/31940\/revisions\/31982"}],"wp:attachment":[{"href":"http:\/\/www.rcn-radio.org\/index.php\/wp-json\/wp\/v2\/media?parent=31940"}],"wp:term":[{"taxonomy":"category","embeddable":true,"href":"http:\/\/www.rcn-radio.org\/index.php\/wp-json\/wp\/v2\/categories?post=31940"},{"taxonomy":"post_tag","embeddable":true,"href":"http:\/\/www.rcn-radio.org\/index.php\/wp-json\/wp\/v2\/tags?post=31940"}],"curies":[{"name":"wp","href":"https:\/\/api.w.org\/{rel}","templated":true}]}}