{"id":31988,"date":"2025-07-10T15:12:11","date_gmt":"2025-07-10T14:12:11","guid":{"rendered":"http:\/\/www.rcn-radio.org\/?p=31988"},"modified":"2025-07-10T15:12:12","modified_gmt":"2025-07-10T14:12:12","slug":"podcast-municipales-a-nancy-mathieu-klein-fait-le-bilan","status":"publish","type":"post","link":"http:\/\/www.rcn-radio.org\/index.php\/podcast-municipales-a-nancy-mathieu-klein-fait-le-bilan\/","title":{"rendered":"[PODCAST] Municipales : \u00e0 Nancy, Mathieu Klein fait le bilan"},"content":{"rendered":"<h1><img decoding=\"async\" loading=\"lazy\" class=\"size-medium wp-image-31989 alignleft\" src=\"http:\/\/www.rcn-radio.org\/wp-content\/uploads\/2025\/07\/2025_07_10_mathieu_klein_bilan_mandat-300x199.jpg\" alt=\"\" width=\"300\" height=\"199\" srcset=\"http:\/\/www.rcn-radio.org\/wp-content\/uploads\/2025\/07\/2025_07_10_mathieu_klein_bilan_mandat-300x199.jpg 300w, http:\/\/www.rcn-radio.org\/wp-content\/uploads\/2025\/07\/2025_07_10_mathieu_klein_bilan_mandat-1024x681.jpg 1024w, http:\/\/www.rcn-radio.org\/wp-content\/uploads\/2025\/07\/2025_07_10_mathieu_klein_bilan_mandat-768x511.jpg 768w, http:\/\/www.rcn-radio.org\/wp-content\/uploads\/2025\/07\/2025_07_10_mathieu_klein_bilan_mandat-1536x1021.jpg 1536w, http:\/\/www.rcn-radio.org\/wp-content\/uploads\/2025\/07\/2025_07_10_mathieu_klein_bilan_mandat-2048x1362.jpg 2048w\" sizes=\"(max-width: 300px) 100vw, 300px\" \/>Le maire de Nancy, Mathieu Klein, a donn\u00e9 rendez-vous \u00e0 la presse mercredi 9 juillet 2025, au Centre des Congr\u00e8s Prouv\u00e9, afin d&rsquo;effectuer le bilan de son mandat, cinq ans apr\u00e8s les derni\u00e8res \u00e9lections municipales. Quant \u00e0 savoir s&rsquo;il sera candidat \u00e0 sa propre succession, Mathieu Klein nous donne rendez-vous \u00e0 la rentr\u00e9e.<\/h1>\n\n\n<figure class=\"wp-block-audio\"><audio controls src=\"http:\/\/www.rcn-radio.org\/wp-content\/uploads\/2025\/07\/2025_07_10_Le_quart_d_heure_actu_Mathieu_Klein_bilan_de_son_mandat_01.mp3\"><\/audio><\/figure>\n","protected":false},"excerpt":{"rendered":"<p>Le maire de Nancy, Mathieu Klein, a donn\u00e9 rendez-vous \u00e0 la presse mercredi 9 juillet 2025, au Centre des Congr\u00e8s Prouv\u00e9, afin d&rsquo;effectuer le bilan de son mandat, cinq ans apr\u00e8s les derni\u00e8res \u00e9lections municipales. Quant \u00e0 savoir s&rsquo;il sera candidat \u00e0 sa propre succession, Mathieu Klein nous donne rendez-vous \u00e0 la rentr\u00e9e.<\/p>\n","protected":false},"author":25,"featured_media":0,"comment_status":"open","ping_status":"open","sticky":false,"template":"","format":"standard","meta":[],"categories":[1],"tags":[],"_links":{"self":[{"href":"http:\/\/www.rcn-radio.org\/index.php\/wp-json\/wp\/v2\/posts\/31988"}],"collection":[{"href":"http:\/\/www.rcn-radio.org\/index.php\/wp-json\/wp\/v2\/posts"}],"about":[{"href":"http:\/\/www.rcn-radio.org\/index.php\/wp-json\/wp\/v2\/types\/post"}],"author":[{"embeddable":true,"href":"http:\/\/www.rcn-radio.org\/index.php\/wp-json\/wp\/v2\/users\/25"}],"replies":[{"embeddable":true,"href":"http:\/\/www.rcn-radio.org\/index.php\/wp-json\/wp\/v2\/comments?post=31988"}],"version-history":[{"count":4,"href":"http:\/\/www.rcn-radio.org\/index.php\/wp-json\/wp\/v2\/posts\/31988\/revisions"}],"predecessor-version":[{"id":32000,"href":"http:\/\/www.rcn-radio.org\/index.php\/wp-json\/wp\/v2\/posts\/31988\/revisions\/32000"}],"wp:attachment":[{"href":"http:\/\/www.rcn-radio.org\/index.php\/wp-json\/wp\/v2\/media?parent=31988"}],"wp:term":[{"taxonomy":"category","embeddable":true,"href":"http:\/\/www.rcn-radio.org\/index.php\/wp-json\/wp\/v2\/categories?post=31988"},{"taxonomy":"post_tag","embeddable":true,"href":"http:\/\/www.rcn-radio.org\/index.php\/wp-json\/wp\/v2\/tags?post=31988"}],"curies":[{"name":"wp","href":"https:\/\/api.w.org\/{rel}","templated":true}]}}