{"id":32008,"date":"2025-07-14T08:00:30","date_gmt":"2025-07-14T07:00:30","guid":{"rendered":"http:\/\/www.rcn-radio.org\/?p=32008"},"modified":"2025-07-11T21:50:28","modified_gmt":"2025-07-11T20:50:28","slug":"region-grand-est-prets-participatifs","status":"publish","type":"post","link":"http:\/\/www.rcn-radio.org\/index.php\/region-grand-est-prets-participatifs\/","title":{"rendered":"[PODCAST] R\u00c9GION GRAND EST, PR\u00caTS PARTICIPATIFS\u00a0!"},"content":{"rendered":"\n<h5>Projet d\u2019investissement, besoin en fonds de roulement, renforcement de la tr\u00e9sorerie notamment en pr\u00e9vention de potentielles difficult\u00e9s, ou encore refinancement de cr\u00e9dits existants&nbsp;: dans un contexte \u00e9conomique incertain, le Pr\u00eat Participatif Grand Est est un s\u00e9rieux coup de pouce offert aux entreprises.<\/h5>\n\n\n\n<h5>Comment \u00e7a marche&nbsp;?<\/h5>\n\n\n\n<h5>La R\u00e9gion Grand Est apporte une garantie gratuite via le Fonds Europ\u00e9en d\u2019Investissement qui facilite l\u2019acc\u00e8s aux financements bancaires. Les cr\u00e9dits sont octroy\u00e9s par trois r\u00e9seaux bancaires partenaires &#8211; Caisse d\u2019\u00c9pargne, Banque Populaire, Cr\u00e9dit Agricole &#8211; qui valident l\u2019\u00e9ligibilit\u00e9 de l\u2019entreprise. Le montant du financement est plafonn\u00e9 \u00e0 500 000 euros. Il b\u00e9n\u00e9ficie d\u2019un taux pr\u00e9f\u00e9rentiel.<\/h5>\n\n\n\n<h5>En deux ans, plus de 65 millions d\u2019euros ont \u00e9t\u00e9 engag\u00e9s en faveur de 200 entreprises avec un montant moyen de 300 000 euros. Le dispositif b\u00e9n\u00e9ficie plus particuli\u00e8rement aux petites structures et pr\u00e8s de 40 % des sollicitations proviennent des secteurs de l\u2019industrie et de la construction.<\/h5>\n\n\n\n<h5>Ce produit de financement est accessible dans toutes les agences Grand Est des \u00e9tablissements bancaires pr\u00e9cit\u00e9s. Ce dispositif a par exemple permis \u00e0 l\u2019entreprise ACEA, bas\u00e9e \u00e0 Gundershoffen, d\u2019acqu\u00e9rir de nouvelles machines de pr\u00e9l\u00e8vement et de placement automatique. Le succ\u00e8s du PPGE a pouss\u00e9 la R\u00e9gion, en accord avec ses partenaires, \u00e0 prolonger la commercialisation du dispositif en 2025 en le dotant d\u2019une enveloppe globale de 175 millions d\u2019euros de pr\u00eats.<\/h5>\n\n\n\n<h6>Lien vers le dispositif&nbsp;: <a href=\"https:\/\/www.grandest.fr\/vos-aides-regionales\/pret-participatif-grand-est\/\">https:\/\/www.grandest.fr\/vos-aides-regionales\/pret-participatif-grand-est\/<\/a><\/h6>\n\n\n\n<div class=\"wp-block-media-text alignwide is-stacked-on-mobile\" style=\"grid-template-columns:25% auto\"><figure class=\"wp-block-media-text__media\"><img decoding=\"async\" loading=\"lazy\" width=\"683\" height=\"1024\" src=\"http:\/\/www.rcn-radio.org\/wp-content\/uploads\/2025\/07\/RGE-PRETS-PARTICIPATIFS-Claude-STURNI-Photo-683x1024.jpg\" alt=\"\" class=\"wp-image-32002 size-full\" srcset=\"http:\/\/www.rcn-radio.org\/wp-content\/uploads\/2025\/07\/RGE-PRETS-PARTICIPATIFS-Claude-STURNI-Photo-683x1024.jpg 683w, http:\/\/www.rcn-radio.org\/wp-content\/uploads\/2025\/07\/RGE-PRETS-PARTICIPATIFS-Claude-STURNI-Photo-200x300.jpg 200w, http:\/\/www.rcn-radio.org\/wp-content\/uploads\/2025\/07\/RGE-PRETS-PARTICIPATIFS-Claude-STURNI-Photo-768x1152.jpg 768w, http:\/\/www.rcn-radio.org\/wp-content\/uploads\/2025\/07\/RGE-PRETS-PARTICIPATIFS-Claude-STURNI-Photo-1024x1536.jpg 1024w, http:\/\/www.rcn-radio.org\/wp-content\/uploads\/2025\/07\/RGE-PRETS-PARTICIPATIFS-Claude-STURNI-Photo.jpg 1067w\" sizes=\"(max-width: 683px) 100vw, 683px\" \/><\/figure><div class=\"wp-block-media-text__content\">\n<h4>1 &#8211; Claude Sturni \u2013 Vice-Pr\u00e9sident de la R\u00e9gion Grand Est, en charge du D\u00e9veloppement \u00e9conomique, recherche et innovation<\/h4>\n\n\n\n<figure class=\"wp-block-audio\"><audio controls src=\"http:\/\/www.rcn-radio.org\/wp-content\/uploads\/2025\/07\/RGE-PRETS-PARTICIPATIFS-Claude-STURNI-Podcast.mp3\"><\/audio><\/figure>\n<\/div><\/div>\n\n\n\n<div style=\"height:47px\" aria-hidden=\"true\" class=\"wp-block-spacer\"><\/div>\n\n\n\n<h4><\/h4>\n\n\n\n<div class=\"wp-block-media-text alignwide is-stacked-on-mobile\"><figure class=\"wp-block-media-text__media\"><img decoding=\"async\" loading=\"lazy\" width=\"1024\" height=\"576\" src=\"http:\/\/www.rcn-radio.org\/wp-content\/uploads\/2025\/07\/Verrissima_P18_Pers03-1024x576.jpg\" alt=\"\" class=\"wp-image-32009 size-full\" srcset=\"http:\/\/www.rcn-radio.org\/wp-content\/uploads\/2025\/07\/Verrissima_P18_Pers03-1024x576.jpg 1024w, http:\/\/www.rcn-radio.org\/wp-content\/uploads\/2025\/07\/Verrissima_P18_Pers03-300x169.jpg 300w, http:\/\/www.rcn-radio.org\/wp-content\/uploads\/2025\/07\/Verrissima_P18_Pers03-768x432.jpg 768w, http:\/\/www.rcn-radio.org\/wp-content\/uploads\/2025\/07\/Verrissima_P18_Pers03-1536x864.jpg 1536w, http:\/\/www.rcn-radio.org\/wp-content\/uploads\/2025\/07\/Verrissima_P18_Pers03-2048x1152.jpg 2048w\" sizes=\"(max-width: 1024px) 100vw, 1024px\" \/><\/figure><div class=\"wp-block-media-text__content\">\n<h5>2 \u2013 VERRISSIMA<\/h5>\n\n\n\n<figure class=\"wp-block-audio\"><audio controls src=\"http:\/\/www.rcn-radio.org\/wp-content\/uploads\/2025\/07\/RGE-PRETS-PARTICIPATIFS-VERRISSIMA-Podcast.mp3\"><\/audio><\/figure>\n<\/div><\/div>\n\n\n\n<div style=\"height:40px\" aria-hidden=\"true\" class=\"wp-block-spacer\"><\/div>\n\n\n\n<div class=\"wp-block-media-text alignwide is-stacked-on-mobile\" style=\"grid-template-columns:49% auto\"><figure class=\"wp-block-media-text__media\"><img decoding=\"async\" loading=\"lazy\" width=\"1024\" height=\"576\" src=\"http:\/\/www.rcn-radio.org\/wp-content\/uploads\/2025\/07\/RGE-PRETS-PARTICIPATIFS-CELLIER-DE-MUHLBACH-1024x576.png\" alt=\"\" class=\"wp-image-32001 size-full\" srcset=\"http:\/\/www.rcn-radio.org\/wp-content\/uploads\/2025\/07\/RGE-PRETS-PARTICIPATIFS-CELLIER-DE-MUHLBACH-1024x576.png 1024w, http:\/\/www.rcn-radio.org\/wp-content\/uploads\/2025\/07\/RGE-PRETS-PARTICIPATIFS-CELLIER-DE-MUHLBACH-300x169.png 300w, http:\/\/www.rcn-radio.org\/wp-content\/uploads\/2025\/07\/RGE-PRETS-PARTICIPATIFS-CELLIER-DE-MUHLBACH-768x432.png 768w, http:\/\/www.rcn-radio.org\/wp-content\/uploads\/2025\/07\/RGE-PRETS-PARTICIPATIFS-CELLIER-DE-MUHLBACH-1536x864.png 1536w, http:\/\/www.rcn-radio.org\/wp-content\/uploads\/2025\/07\/RGE-PRETS-PARTICIPATIFS-CELLIER-DE-MUHLBACH.png 1920w\" sizes=\"(max-width: 1024px) 100vw, 1024px\" \/><\/figure><div class=\"wp-block-media-text__content\">\n<h5>3 \u2013 CELLIER DE MUHLBACH<\/h5>\n\n\n\n<figure class=\"wp-block-audio\"><audio controls src=\"http:\/\/www.rcn-radio.org\/wp-content\/uploads\/2025\/07\/RGE-PRETS-PARTICIPATIFS-CELLIER-DE-MUHLBACH-Bertrand-Praz-Podcast.mp3\"><\/audio><\/figure>\n<\/div><\/div>\n\n\n\n<div style=\"height:41px\" aria-hidden=\"true\" class=\"wp-block-spacer\"><\/div>\n\n\n\n<div class=\"wp-block-media-text alignwide is-stacked-on-mobile\" style=\"grid-template-columns:23% auto\"><figure class=\"wp-block-media-text__media\"><img decoding=\"async\" loading=\"lazy\" width=\"768\" height=\"1024\" src=\"http:\/\/www.rcn-radio.org\/wp-content\/uploads\/2025\/07\/RGE-PRETS-PARTICIPATIFS-GHV-Christian-PIERREL-768x1024.jpg\" alt=\"\" class=\"wp-image-32003 size-full\" srcset=\"http:\/\/www.rcn-radio.org\/wp-content\/uploads\/2025\/07\/RGE-PRETS-PARTICIPATIFS-GHV-Christian-PIERREL-768x1024.jpg 768w, http:\/\/www.rcn-radio.org\/wp-content\/uploads\/2025\/07\/RGE-PRETS-PARTICIPATIFS-GHV-Christian-PIERREL-225x300.jpg 225w, http:\/\/www.rcn-radio.org\/wp-content\/uploads\/2025\/07\/RGE-PRETS-PARTICIPATIFS-GHV-Christian-PIERREL-1152x1536.jpg 1152w, http:\/\/www.rcn-radio.org\/wp-content\/uploads\/2025\/07\/RGE-PRETS-PARTICIPATIFS-GHV-Christian-PIERREL-1536x2048.jpg 1536w, http:\/\/www.rcn-radio.org\/wp-content\/uploads\/2025\/07\/RGE-PRETS-PARTICIPATIFS-GHV-Christian-PIERREL-scaled.jpg 1920w\" sizes=\"(max-width: 768px) 100vw, 768px\" \/><\/figure><div class=\"wp-block-media-text__content\">\n<h5>4 \u2013 GROUPE VOSGIEN D\u2019H\u00d4TELLERIE<\/h5>\n\n\n\n<figure class=\"wp-block-audio\"><audio controls src=\"http:\/\/www.rcn-radio.org\/wp-content\/uploads\/2025\/07\/RGE-PRETS-PARTICPATIFS-GHV-Christian-PIERREL-Podcast.mp3\"><\/audio><\/figure>\n<\/div><\/div>\n\n\n\n<figure class=\"wp-block-table\"><table><tbody><tr><td>Banque Populaire ALC<\/td><td>GROUPE VOSGIEN D\u2019HOTELLERIE (88) : propose une gamme vari\u00e9e d&rsquo;h\u00f4tels, allant des \u00e9tablissements \u00e9conomiques Formule 1 aux h\u00f4tels \u00e9toil\u00e9s Mercure, incluant \u00e9galement les h\u00f4tels Ibis.<\/td><\/tr><tr><td>Caisse d\u2019Epargne GEE<\/td><td>VERRISSIMA (57) : Traitement du verre pour les professionnels du b\u00e2timent.<\/td><\/tr><tr><td>Cr\u00e9dit Agricole<\/td><td>CELLIER DE MUHLBACH (68) : soci\u00e9t\u00e9 sp\u00e9cialis\u00e9e dans le n\u00e9goce de mat\u00e9riaux pour la viticulture.<\/td><\/tr><\/tbody><\/table><\/figure>\n","protected":false},"excerpt":{"rendered":"<p>Projet d\u2019investissement, besoin en fonds de roulement, renforcement de la tr\u00e9sorerie notamment en pr\u00e9vention de potentielles difficult\u00e9s, ou encore refinancement de cr\u00e9dits existants&nbsp;: dans un contexte \u00e9conomique incertain, le Pr\u00eat Participatif Grand Est est un s\u00e9rieux coup de pouce offert aux entreprises. Comment \u00e7a marche&nbsp;? La R\u00e9gion Grand Est apporte une garantie gratuite via le [&hellip;]<\/p>\n","protected":false},"author":14,"featured_media":0,"comment_status":"open","ping_status":"open","sticky":false,"template":"","format":"standard","meta":[],"categories":[7,1],"tags":[],"_links":{"self":[{"href":"http:\/\/www.rcn-radio.org\/index.php\/wp-json\/wp\/v2\/posts\/32008"}],"collection":[{"href":"http:\/\/www.rcn-radio.org\/index.php\/wp-json\/wp\/v2\/posts"}],"about":[{"href":"http:\/\/www.rcn-radio.org\/index.php\/wp-json\/wp\/v2\/types\/post"}],"author":[{"embeddable":true,"href":"http:\/\/www.rcn-radio.org\/index.php\/wp-json\/wp\/v2\/users\/14"}],"replies":[{"embeddable":true,"href":"http:\/\/www.rcn-radio.org\/index.php\/wp-json\/wp\/v2\/comments?post=32008"}],"version-history":[{"count":14,"href":"http:\/\/www.rcn-radio.org\/index.php\/wp-json\/wp\/v2\/posts\/32008\/revisions"}],"predecessor-version":[{"id":32031,"href":"http:\/\/www.rcn-radio.org\/index.php\/wp-json\/wp\/v2\/posts\/32008\/revisions\/32031"}],"wp:attachment":[{"href":"http:\/\/www.rcn-radio.org\/index.php\/wp-json\/wp\/v2\/media?parent=32008"}],"wp:term":[{"taxonomy":"category","embeddable":true,"href":"http:\/\/www.rcn-radio.org\/index.php\/wp-json\/wp\/v2\/categories?post=32008"},{"taxonomy":"post_tag","embeddable":true,"href":"http:\/\/www.rcn-radio.org\/index.php\/wp-json\/wp\/v2\/tags?post=32008"}],"curies":[{"name":"wp","href":"https:\/\/api.w.org\/{rel}","templated":true}]}}