{"id":32024,"date":"2025-07-11T12:00:42","date_gmt":"2025-07-11T11:00:42","guid":{"rendered":"http:\/\/www.rcn-radio.org\/?p=32024"},"modified":"2025-07-11T12:10:02","modified_gmt":"2025-07-11T11:10:02","slug":"revenus-de-solidarites-les-departements-lancent-un-appel-inedit","status":"publish","type":"post","link":"http:\/\/www.rcn-radio.org\/index.php\/revenus-de-solidarites-les-departements-lancent-un-appel-inedit\/","title":{"rendered":"[PODCAST] Allocations de solidarit\u00e9 : les D\u00e9partements lancent un appel in\u00e9dit"},"content":{"rendered":"<h2><span style=\"font-weight: 400;\"><img decoding=\"async\" loading=\"lazy\" class=\"size-medium wp-image-32025 alignleft\" src=\"http:\/\/www.rcn-radio.org\/wp-content\/uploads\/2025\/07\/2025_07_11_finances_departements-300x169.png\" alt=\"\" width=\"300\" height=\"169\" srcset=\"http:\/\/www.rcn-radio.org\/wp-content\/uploads\/2025\/07\/2025_07_11_finances_departements-300x169.png 300w, http:\/\/www.rcn-radio.org\/wp-content\/uploads\/2025\/07\/2025_07_11_finances_departements-1024x576.png 1024w, http:\/\/www.rcn-radio.org\/wp-content\/uploads\/2025\/07\/2025_07_11_finances_departements-768x432.png 768w, http:\/\/www.rcn-radio.org\/wp-content\/uploads\/2025\/07\/2025_07_11_finances_departements.png 1280w\" sizes=\"(max-width: 300px) 100vw, 300px\" \/>Les 104 d\u00e9partements de France alertent sur le financement des allocations nationales de solidarit\u00e9. Le d\u00e9s\u00e9quilibre se creuse entre ce que les d\u00e9partements doivent prendre sur leur propre budget et ce que l\u2019Etat leur verse pour financer ces allocations. D\u2019ann\u00e9e en ann\u00e9e, une part de plus en plus importante des budgets d\u00e9partementaux est mobilis\u00e9e pour financer ces prestations en raison du <em>\u00ab\u00a0d\u00e9sengagement de l\u2019\u00c9tat\u00a0\u00bb.<\/em> Cons\u00e9quence de ce transfert de charge : l&rsquo;action des D\u00e9partements est fragilis\u00e9e sur le terrain.<\/span><\/h2>\n\n\n<figure class=\"wp-block-audio\"><audio controls src=\"http:\/\/www.rcn-radio.org\/wp-content\/uploads\/2025\/07\/2025_07_11_Le_quart_d_heure_actu_les_departements_de_France_alertent_sur_le_financement_des_allocations_nationales_de_solidarite_01.mp3\"><\/audio><\/figure>\n","protected":false},"excerpt":{"rendered":"<p>Les 104 d\u00e9partements de France alertent sur le financement des allocations nationales de solidarit\u00e9. Le d\u00e9s\u00e9quilibre se creuse entre ce que les d\u00e9partements doivent prendre sur leur propre budget et ce que l\u2019Etat leur verse pour financer ces allocations. D\u2019ann\u00e9e en ann\u00e9e, une part de plus en plus importante des budgets d\u00e9partementaux est mobilis\u00e9e pour [&hellip;]<\/p>\n","protected":false},"author":25,"featured_media":0,"comment_status":"open","ping_status":"open","sticky":false,"template":"","format":"standard","meta":[],"categories":[1],"tags":[],"_links":{"self":[{"href":"http:\/\/www.rcn-radio.org\/index.php\/wp-json\/wp\/v2\/posts\/32024"}],"collection":[{"href":"http:\/\/www.rcn-radio.org\/index.php\/wp-json\/wp\/v2\/posts"}],"about":[{"href":"http:\/\/www.rcn-radio.org\/index.php\/wp-json\/wp\/v2\/types\/post"}],"author":[{"embeddable":true,"href":"http:\/\/www.rcn-radio.org\/index.php\/wp-json\/wp\/v2\/users\/25"}],"replies":[{"embeddable":true,"href":"http:\/\/www.rcn-radio.org\/index.php\/wp-json\/wp\/v2\/comments?post=32024"}],"version-history":[{"count":3,"href":"http:\/\/www.rcn-radio.org\/index.php\/wp-json\/wp\/v2\/posts\/32024\/revisions"}],"predecessor-version":[{"id":32030,"href":"http:\/\/www.rcn-radio.org\/index.php\/wp-json\/wp\/v2\/posts\/32024\/revisions\/32030"}],"wp:attachment":[{"href":"http:\/\/www.rcn-radio.org\/index.php\/wp-json\/wp\/v2\/media?parent=32024"}],"wp:term":[{"taxonomy":"category","embeddable":true,"href":"http:\/\/www.rcn-radio.org\/index.php\/wp-json\/wp\/v2\/categories?post=32024"},{"taxonomy":"post_tag","embeddable":true,"href":"http:\/\/www.rcn-radio.org\/index.php\/wp-json\/wp\/v2\/tags?post=32024"}],"curies":[{"name":"wp","href":"https:\/\/api.w.org\/{rel}","templated":true}]}}