{"id":32041,"date":"2025-07-15T09:57:37","date_gmt":"2025-07-15T08:57:37","guid":{"rendered":"http:\/\/www.rcn-radio.org\/?p=32041"},"modified":"2025-07-15T10:04:56","modified_gmt":"2025-07-15T09:04:56","slug":"justice-restaurative-quand-victimes-et-auteurs-dialoguent","status":"publish","type":"post","link":"http:\/\/www.rcn-radio.org\/index.php\/justice-restaurative-quand-victimes-et-auteurs-dialoguent\/","title":{"rendered":"Justice restaurative : quand victimes et auteurs dialoguent"},"content":{"rendered":"<h2><span style=\"font-weight: 400;\"><img decoding=\"async\" loading=\"lazy\" class=\"size-medium wp-image-32042 alignleft\" src=\"http:\/\/www.rcn-radio.org\/wp-content\/uploads\/2025\/07\/2025_07_15_justice-restaurative-300x200.jpg\" alt=\"\" width=\"300\" height=\"200\" srcset=\"http:\/\/www.rcn-radio.org\/wp-content\/uploads\/2025\/07\/2025_07_15_justice-restaurative-300x200.jpg 300w, http:\/\/www.rcn-radio.org\/wp-content\/uploads\/2025\/07\/2025_07_15_justice-restaurative-1024x683.jpg 1024w, http:\/\/www.rcn-radio.org\/wp-content\/uploads\/2025\/07\/2025_07_15_justice-restaurative-768x512.jpg 768w, http:\/\/www.rcn-radio.org\/wp-content\/uploads\/2025\/07\/2025_07_15_justice-restaurative.jpg 1280w\" sizes=\"(max-width: 300px) 100vw, 300px\" \/>Le premier programme de justice restaurative vient de s\u2019achever en Meurthe-et-Moselle. Appel\u00e9 aussi justice \u00ab restauratrice \u00bb ou \u00ab r\u00e9paratrice \u00bb, ce dispositif offre un espace de parole pour faire dialoguer, avec l\u2019aide d\u2019un m\u00e9diateur, des <\/span><span style=\"font-weight: 400;\">victime<\/span><span style=\"font-weight: 400;\">s et des <\/span><span style=\"font-weight: 400;\">auteurs<\/span><span style=\"font-weight: 400;\"> d\u2019une <\/span><span style=\"font-weight: 400;\">infraction<\/span><span style=\"font-weight: 400;\">. Objectif : aider les victimes \u00e0 se reconstruire, responsabiliser les auteurs et accompagner leur r\u00e9int\u00e9gration dans la soci\u00e9t\u00e9. <\/span><\/h2>\n<h3><span style=\"font-weight: 400;\">Ces derniers mois, la ville de Nancy a mis \u00e0 disposition des salles de l&rsquo;h\u00f4tel de ville pour que puissent se tenir, pour la premi\u00e8re fois dans le d\u00e9partement, des s\u00e9ances de justice restaurative. Trois victimes et deux auteurs se sont rencontr\u00e9s, avec pour point commun d\u2019avoir subi ou d\u2019\u00eatre responsables de violences intrafamiliales. <\/span><\/h3>\n<h4><span style=\"font-weight: 400;\">Les participants ont notamment \u00e9t\u00e9 accompagn\u00e9s par Laudine, conseill\u00e8re p\u00e9nitentiaire d\u2019insertion et de probation au sein de l\u2019antenne milieu ouvert de Nancy et animatrice en justice restaurative.\u00a0<\/span><\/h4>\n\n\n<figure class=\"wp-block-audio\"><audio controls src=\"http:\/\/www.rcn-radio.org\/wp-content\/uploads\/2025\/07\/2025_07_15_justice_restaurative.mp3\"><\/audio><\/figure>\n","protected":false},"excerpt":{"rendered":"<p>Le premier programme de justice restaurative vient de s\u2019achever en Meurthe-et-Moselle. Appel\u00e9 aussi justice \u00ab restauratrice \u00bb ou \u00ab r\u00e9paratrice \u00bb, ce dispositif offre un espace de parole pour faire dialoguer, avec l\u2019aide d\u2019un m\u00e9diateur, des victimes et des auteurs d\u2019une infraction. Objectif : aider les victimes \u00e0 se reconstruire, responsabiliser les auteurs et accompagner [&hellip;]<\/p>\n","protected":false},"author":25,"featured_media":0,"comment_status":"open","ping_status":"open","sticky":false,"template":"","format":"standard","meta":[],"categories":[1],"tags":[],"_links":{"self":[{"href":"http:\/\/www.rcn-radio.org\/index.php\/wp-json\/wp\/v2\/posts\/32041"}],"collection":[{"href":"http:\/\/www.rcn-radio.org\/index.php\/wp-json\/wp\/v2\/posts"}],"about":[{"href":"http:\/\/www.rcn-radio.org\/index.php\/wp-json\/wp\/v2\/types\/post"}],"author":[{"embeddable":true,"href":"http:\/\/www.rcn-radio.org\/index.php\/wp-json\/wp\/v2\/users\/25"}],"replies":[{"embeddable":true,"href":"http:\/\/www.rcn-radio.org\/index.php\/wp-json\/wp\/v2\/comments?post=32041"}],"version-history":[{"count":5,"href":"http:\/\/www.rcn-radio.org\/index.php\/wp-json\/wp\/v2\/posts\/32041\/revisions"}],"predecessor-version":[{"id":32049,"href":"http:\/\/www.rcn-radio.org\/index.php\/wp-json\/wp\/v2\/posts\/32041\/revisions\/32049"}],"wp:attachment":[{"href":"http:\/\/www.rcn-radio.org\/index.php\/wp-json\/wp\/v2\/media?parent=32041"}],"wp:term":[{"taxonomy":"category","embeddable":true,"href":"http:\/\/www.rcn-radio.org\/index.php\/wp-json\/wp\/v2\/categories?post=32041"},{"taxonomy":"post_tag","embeddable":true,"href":"http:\/\/www.rcn-radio.org\/index.php\/wp-json\/wp\/v2\/tags?post=32041"}],"curies":[{"name":"wp","href":"https:\/\/api.w.org\/{rel}","templated":true}]}}