{"id":32051,"date":"2025-07-16T06:56:08","date_gmt":"2025-07-16T05:56:08","guid":{"rendered":"http:\/\/www.rcn-radio.org\/?p=32051"},"modified":"2025-07-16T10:51:07","modified_gmt":"2025-07-16T09:51:07","slug":"nancy-renouvelle-sa-distinction-4-fleurs","status":"publish","type":"post","link":"http:\/\/www.rcn-radio.org\/index.php\/nancy-renouvelle-sa-distinction-4-fleurs\/","title":{"rendered":"Nancy renouvelle sa distinction \u00ab 4 Fleurs \u00bb"},"content":{"rendered":"<h1><span style=\"font-weight: 400;\"><img decoding=\"async\" loading=\"lazy\" class=\"size-medium wp-image-32052 alignleft\" src=\"http:\/\/www.rcn-radio.org\/wp-content\/uploads\/2025\/07\/2025_07_16_label_villes_fleuries-300x200.jpg\" alt=\"\" width=\"300\" height=\"200\" srcset=\"http:\/\/www.rcn-radio.org\/wp-content\/uploads\/2025\/07\/2025_07_16_label_villes_fleuries-300x200.jpg 300w, http:\/\/www.rcn-radio.org\/wp-content\/uploads\/2025\/07\/2025_07_16_label_villes_fleuries-1024x683.jpg 1024w, http:\/\/www.rcn-radio.org\/wp-content\/uploads\/2025\/07\/2025_07_16_label_villes_fleuries-768x512.jpg 768w, http:\/\/www.rcn-radio.org\/wp-content\/uploads\/2025\/07\/2025_07_16_label_villes_fleuries-1536x1024.jpg 1536w, http:\/\/www.rcn-radio.org\/wp-content\/uploads\/2025\/07\/2025_07_16_label_villes_fleuries-2048x1365.jpg 2048w\" sizes=\"(max-width: 300px) 100vw, 300px\" \/>Nancy a accueilli il y a quelques jours le jury du concours national des Villes et Villages Fleuris dans le cadre du renouvellement de sa distinction \u00ab 4 Fleurs \u00bb. L&rsquo;occasion pour la municipalit\u00e9 de faire la d\u00e9monstration de ses pratiques respectueuses de l&rsquo;environnement.\u00a0<\/span><\/h1>\n<h3><span style=\"font-weight: 400;\">Dans le cadre du renouvellement de sa distinction \u00ab 4 Fleurs \u00bb, la ville de Nancy a pr\u00e9sent\u00e9 aux jurys du concours national des Villes et Villages Fleuris ses nombreux projets en faveur du d\u00e9veloppement durable et de l&rsquo;am\u00e9lioration du cadre de vie. \u00ab Il est important <\/span><i><span style=\"font-weight: 400;\">d\u2019accueillir ce comit\u00e9 et de pouvoir contribuer, au travers de ce label, \u00e0 l\u2019\u00e9volution de la v\u00e9g\u00e9talisation des centres-villes<\/span><\/i><span style=\"font-weight: 400;\"> \u00bb, explique Isabelle Lucas, adjointe au maire de Nancy, d\u00e9l\u00e9gu\u00e9e \u00e0 l\u2019urbanisme \u00e9cologique.<\/span><\/h3>\n<h2><b>La ville innove<\/b><\/h2>\n<h3><span style=\"font-weight: 400;\">Pas moins de 88 jardiniers travaillent au renouveau \u00e9cologique de la ville. Certains parcs et jardins, dont la P\u00e9pini\u00e8re, ont b\u00e9n\u00e9fici\u00e9 de changements avec de nouvelles plantations plus vivaces et r\u00e9sistantes. Objectif : diminuer l&rsquo;arrosage et l\u2019utilisation massive d\u2019eau. Des cimeti\u00e8res ont \u00e9galement \u00e9t\u00e9 m\u00e9tamorphos\u00e9s : les chemins de gravier ont disparu au profit d\u2019herbe et de fleurs. La ville de Nancy met par ailleurs en place de nouvelles pratiques, afin de d\u00e9simperm\u00e9abiliser les sols. Cela passe notamment par la plantation quasi syst\u00e9matique d\u2019arbres lorsque des travaux sont en cours. \u00ab<\/span><i><span style=\"font-weight: 400;\">\u00a0C\u2019est \u00e0 nous, suivant le sol dont nous disposons, de pouvoir mixer ces applications<\/span><\/i><span style=\"font-weight: 400;\"> [tr<\/span><span style=\"font-weight: 400;\">avaux<\/span><span style=\"font-weight: 400;\"> urbains<\/span><span style=\"font-weight: 400;\"> et<\/span><span style=\"font-weight: 400;\"> plantations<\/span><span style=\"font-weight: 400;\"> v\u00e9g\u00e9tales]<\/span><i><span style=\"font-weight: 400;\"> pour faire b\u00e9n\u00e9ficier \u00e0 l\u2019ensemble des habitants de la protection et du bien-\u00eatre de la nature<\/span><\/i><span style=\"font-weight: 400;\"> \u00bb, explique Isabelle Lucas. Des projets temporaires ont par ailleurs \u00e9t\u00e9 pr\u00e9sent\u00e9s, comme le Jardin \u00e9ph\u00e9m\u00e8re install\u00e9 chaque ann\u00e9e sur la Place Stanislas.<\/span><\/h3>\n<h2><b>La visite des jurys<\/b><\/h2>\n<h3><span style=\"font-weight: 400;\">Pour les membre du jury, la visite de la ville a commenc\u00e9 au jardin Dominique Alexandre Godron. Un espace qui pr\u00f4ne le bien-\u00eatre des citoyens. On y retrouve notamment un grand nombre d\u2019arbres fruitiers, permettant de d\u00e9guster m\u00fbres et framboises. Des chaises en bois sont dispers\u00e9es dans le jardin pour se laisser aller \u00e0 la contemplation. Ici, certaines plantes sont propres \u00e0 Nancy. On retrouve par exemple le fameux chardon, \u00e0 l\u2019origine de la devise de l\u2019AS Nancy-Lorraine \u00ab Qui s\u2019y frotte s\u2019y pique \u00bb. Plus sp\u00e9cifique \u00e0 la ville aux portes d\u2019or : la Cl\u00e9matite Saphyra Nancy. La jury a ensuite \u00e9t\u00e9 convi\u00e9 \u00e0 explorer le reste de la cit\u00e9 \u00e0 v\u00e9lo. \u00ab <\/span><i><span style=\"font-weight: 400;\">Nancy, je connaissais. Mais le jury national m\u2019a permis de voir la ville dans l\u2019ensemble de sa composition, \u00e0 la fois urbanistique et paysag\u00e8re, toute cette coh\u00e9rence urbanistique mise au service du paysage, de la nature en ville, des habitants et m\u00eame des touristes<\/span><\/i><span style=\"font-weight: 400;\"> \u00bb, se r\u00e9jouit Martine Meunier, pr\u00e9sidente du jury.<\/span><\/h3>\n<h5 style=\"text-align: right;\">Un article r\u00e9dig\u00e9 par Alexis Barth\u00e9l\u00e9my.<\/h5>\n","protected":false},"excerpt":{"rendered":"<p>Nancy a accueilli il y a quelques jours le jury du concours national des Villes et Villages Fleuris dans le cadre du renouvellement de sa distinction \u00ab 4 Fleurs \u00bb. L&rsquo;occasion pour la municipalit\u00e9 de faire la d\u00e9monstration de ses pratiques respectueuses de l&rsquo;environnement.\u00a0 Dans le cadre du renouvellement de sa distinction \u00ab 4 Fleurs [&hellip;]<\/p>\n","protected":false},"author":25,"featured_media":0,"comment_status":"open","ping_status":"open","sticky":false,"template":"","format":"standard","meta":[],"categories":[1],"tags":[],"_links":{"self":[{"href":"http:\/\/www.rcn-radio.org\/index.php\/wp-json\/wp\/v2\/posts\/32051"}],"collection":[{"href":"http:\/\/www.rcn-radio.org\/index.php\/wp-json\/wp\/v2\/posts"}],"about":[{"href":"http:\/\/www.rcn-radio.org\/index.php\/wp-json\/wp\/v2\/types\/post"}],"author":[{"embeddable":true,"href":"http:\/\/www.rcn-radio.org\/index.php\/wp-json\/wp\/v2\/users\/25"}],"replies":[{"embeddable":true,"href":"http:\/\/www.rcn-radio.org\/index.php\/wp-json\/wp\/v2\/comments?post=32051"}],"version-history":[{"count":41,"href":"http:\/\/www.rcn-radio.org\/index.php\/wp-json\/wp\/v2\/posts\/32051\/revisions"}],"predecessor-version":[{"id":32099,"href":"http:\/\/www.rcn-radio.org\/index.php\/wp-json\/wp\/v2\/posts\/32051\/revisions\/32099"}],"wp:attachment":[{"href":"http:\/\/www.rcn-radio.org\/index.php\/wp-json\/wp\/v2\/media?parent=32051"}],"wp:term":[{"taxonomy":"category","embeddable":true,"href":"http:\/\/www.rcn-radio.org\/index.php\/wp-json\/wp\/v2\/categories?post=32051"},{"taxonomy":"post_tag","embeddable":true,"href":"http:\/\/www.rcn-radio.org\/index.php\/wp-json\/wp\/v2\/tags?post=32051"}],"curies":[{"name":"wp","href":"https:\/\/api.w.org\/{rel}","templated":true}]}}