{"id":32657,"date":"2025-10-21T04:43:53","date_gmt":"2025-10-21T03:43:53","guid":{"rendered":"http:\/\/www.rcn-radio.org\/?p=32657"},"modified":"2025-10-21T04:47:25","modified_gmt":"2025-10-21T03:47:25","slug":"podcast-villerupt-le-cinema-italien-a-lhonneur","status":"publish","type":"post","link":"http:\/\/www.rcn-radio.org\/index.php\/podcast-villerupt-le-cinema-italien-a-lhonneur\/","title":{"rendered":"[PODCAST] Villerupt : le cin\u00e9ma italien \u00e0 l&rsquo;honneur"},"content":{"rendered":"<h3><span style=\"font-weight: 400;\"><img decoding=\"async\" loading=\"lazy\" class=\"alignleft wp-image-32658 size-thumbnail\" src=\"http:\/\/www.rcn-radio.org\/wp-content\/uploads\/2025\/10\/2025_10_21_festival_film_villerupt-150x150.jpg\" alt=\"\" width=\"150\" height=\"150\" \/>Le Festival du Film Italien de Villerupt revient du 24 octobre au 11 novembre 2025 pour sa 48e \u00e9dition. Forte d\u2019une importante immigration italienne &#8211; son pass\u00e9 sid\u00e9rurgique ayant attir\u00e9 de nombreux travailleurs \u00e9trangers -, Villerupt a su faire de son festival un rendez-vous incontournable qui dure depuis 1976. En plus de la projection de plus de 70 films, retrouvez des animations, exposition, ateliers\u2026<\/span><\/h3>\n\n\n<figure class=\"wp-block-audio\"><audio controls src=\"http:\/\/www.rcn-radio.org\/wp-content\/uploads\/2025\/10\/2025_10_21_festival_film_italien_villerupt.mp3\"><\/audio><\/figure>\n","protected":false},"excerpt":{"rendered":"<p>Le Festival du Film Italien de Villerupt revient du 24 octobre au 11 novembre 2025 pour sa 48e \u00e9dition. Forte d\u2019une importante immigration italienne &#8211; son pass\u00e9 sid\u00e9rurgique ayant attir\u00e9 de nombreux travailleurs \u00e9trangers -, Villerupt a su faire de son festival un rendez-vous incontournable qui dure depuis 1976. En plus de la projection de [&hellip;]<\/p>\n","protected":false},"author":25,"featured_media":0,"comment_status":"open","ping_status":"open","sticky":false,"template":"","format":"standard","meta":[],"categories":[1],"tags":[],"_links":{"self":[{"href":"http:\/\/www.rcn-radio.org\/index.php\/wp-json\/wp\/v2\/posts\/32657"}],"collection":[{"href":"http:\/\/www.rcn-radio.org\/index.php\/wp-json\/wp\/v2\/posts"}],"about":[{"href":"http:\/\/www.rcn-radio.org\/index.php\/wp-json\/wp\/v2\/types\/post"}],"author":[{"embeddable":true,"href":"http:\/\/www.rcn-radio.org\/index.php\/wp-json\/wp\/v2\/users\/25"}],"replies":[{"embeddable":true,"href":"http:\/\/www.rcn-radio.org\/index.php\/wp-json\/wp\/v2\/comments?post=32657"}],"version-history":[{"count":4,"href":"http:\/\/www.rcn-radio.org\/index.php\/wp-json\/wp\/v2\/posts\/32657\/revisions"}],"predecessor-version":[{"id":32663,"href":"http:\/\/www.rcn-radio.org\/index.php\/wp-json\/wp\/v2\/posts\/32657\/revisions\/32663"}],"wp:attachment":[{"href":"http:\/\/www.rcn-radio.org\/index.php\/wp-json\/wp\/v2\/media?parent=32657"}],"wp:term":[{"taxonomy":"category","embeddable":true,"href":"http:\/\/www.rcn-radio.org\/index.php\/wp-json\/wp\/v2\/categories?post=32657"},{"taxonomy":"post_tag","embeddable":true,"href":"http:\/\/www.rcn-radio.org\/index.php\/wp-json\/wp\/v2\/tags?post=32657"}],"curies":[{"name":"wp","href":"https:\/\/api.w.org\/{rel}","templated":true}]}}