{"id":32667,"date":"2025-10-22T11:05:39","date_gmt":"2025-10-22T10:05:39","guid":{"rendered":"http:\/\/www.rcn-radio.org\/?p=32667"},"modified":"2025-10-22T11:05:40","modified_gmt":"2025-10-22T10:05:40","slug":"podcast-nancy-un-village-pour-presenter-les-solutions-de-demain","status":"publish","type":"post","link":"http:\/\/www.rcn-radio.org\/index.php\/podcast-nancy-un-village-pour-presenter-les-solutions-de-demain\/","title":{"rendered":"[PODCAST] Nancy : un village pour pr\u00e9senter les solutions de demain"},"content":{"rendered":"<h1><span style=\"font-weight: 400;\"><img decoding=\"async\" loading=\"lazy\" class=\"wp-image-32668 size-thumbnail alignleft\" src=\"http:\/\/www.rcn-radio.org\/wp-content\/uploads\/2025\/10\/2025_22_10_village_des_solutions_de_demain-150x150.jpg\" alt=\"\" width=\"150\" height=\"150\" \/>La 4<\/span><span style=\"font-weight: 400;\">\u00e8me<\/span><span style=\"font-weight: 400;\"> \u00e9dition du village des solutions de demain se tiendra \u00e0 l\u2019H\u00f4tel du D\u00e9partement \u00e0 Nancy les 7 et 8 novembre 2025. L\u2019occasion de d\u00e9couvrir des initiatives locales avec des acteurs de l\u2019\u00e9conomie sociale et solidaire.<\/span><\/h1>\n\n\n<figure class=\"wp-block-audio\"><audio controls src=\"http:\/\/www.rcn-radio.org\/wp-content\/uploads\/2025\/10\/2025_10_22_village_des_solutions_de_demain.mp3\"><\/audio><\/figure>\n","protected":false},"excerpt":{"rendered":"<p>La 4\u00e8me \u00e9dition du village des solutions de demain se tiendra \u00e0 l\u2019H\u00f4tel du D\u00e9partement \u00e0 Nancy les 7 et 8 novembre 2025. L\u2019occasion de d\u00e9couvrir des initiatives locales avec des acteurs de l\u2019\u00e9conomie sociale et solidaire.<\/p>\n","protected":false},"author":25,"featured_media":0,"comment_status":"open","ping_status":"open","sticky":false,"template":"","format":"standard","meta":[],"categories":[1],"tags":[],"_links":{"self":[{"href":"http:\/\/www.rcn-radio.org\/index.php\/wp-json\/wp\/v2\/posts\/32667"}],"collection":[{"href":"http:\/\/www.rcn-radio.org\/index.php\/wp-json\/wp\/v2\/posts"}],"about":[{"href":"http:\/\/www.rcn-radio.org\/index.php\/wp-json\/wp\/v2\/types\/post"}],"author":[{"embeddable":true,"href":"http:\/\/www.rcn-radio.org\/index.php\/wp-json\/wp\/v2\/users\/25"}],"replies":[{"embeddable":true,"href":"http:\/\/www.rcn-radio.org\/index.php\/wp-json\/wp\/v2\/comments?post=32667"}],"version-history":[{"count":2,"href":"http:\/\/www.rcn-radio.org\/index.php\/wp-json\/wp\/v2\/posts\/32667\/revisions"}],"predecessor-version":[{"id":32671,"href":"http:\/\/www.rcn-radio.org\/index.php\/wp-json\/wp\/v2\/posts\/32667\/revisions\/32671"}],"wp:attachment":[{"href":"http:\/\/www.rcn-radio.org\/index.php\/wp-json\/wp\/v2\/media?parent=32667"}],"wp:term":[{"taxonomy":"category","embeddable":true,"href":"http:\/\/www.rcn-radio.org\/index.php\/wp-json\/wp\/v2\/categories?post=32667"},{"taxonomy":"post_tag","embeddable":true,"href":"http:\/\/www.rcn-radio.org\/index.php\/wp-json\/wp\/v2\/tags?post=32667"}],"curies":[{"name":"wp","href":"https:\/\/api.w.org\/{rel}","templated":true}]}}