{"id":32677,"date":"2025-10-23T13:28:24","date_gmt":"2025-10-23T12:28:24","guid":{"rendered":"http:\/\/www.rcn-radio.org\/?p=32677"},"modified":"2025-10-23T13:29:07","modified_gmt":"2025-10-23T12:29:07","slug":"podcast-secours-populaire-francais-80-ans-de-solidarite","status":"publish","type":"post","link":"http:\/\/www.rcn-radio.org\/index.php\/podcast-secours-populaire-francais-80-ans-de-solidarite\/","title":{"rendered":"[PODCAST] Secours populaire fran\u00e7ais : 80 ans de solidarit\u00e9"},"content":{"rendered":"<h1><span style=\"font-weight: 400;\"><img decoding=\"async\" loading=\"lazy\" class=\"size-full wp-image-32678 alignleft\" src=\"http:\/\/www.rcn-radio.org\/wp-content\/uploads\/2025\/10\/2025_10_23_secours_populaire.png\" alt=\"\" width=\"253\" height=\"199\" \/>Le Secours populaire fran\u00e7ais c\u00e9l\u00e8bre 80 ans d\u2019actions. <\/span><span style=\"font-weight: 400;\">L\u2019association a souffl\u00e9 ses 80 bougies le 21 octobre dernier <\/span><span style=\"font-weight: 400;\">au Conseil d\u00e9partemental de Meurthe-et-Moselle, l\u2019un de ses partenaires historiques. A ce jour, <\/span><span style=\"font-weight: 400;\">pr\u00e8s de 15 000 personnes sont accueillies par le Secours populaire dans le d\u00e9partement. <\/span><\/h1>\n\n\n<figure class=\"wp-block-audio\"><audio controls src=\"http:\/\/www.rcn-radio.org\/wp-content\/uploads\/2025\/10\/2025_10_23_secours_populaire.mp3\"><\/audio><\/figure>\n","protected":false},"excerpt":{"rendered":"<p>Le Secours populaire fran\u00e7ais c\u00e9l\u00e8bre 80 ans d\u2019actions. L\u2019association a souffl\u00e9 ses 80 bougies le 21 octobre dernier au Conseil d\u00e9partemental de Meurthe-et-Moselle, l\u2019un de ses partenaires historiques. A ce jour, pr\u00e8s de 15 000 personnes sont accueillies par le Secours populaire dans le d\u00e9partement.<\/p>\n","protected":false},"author":25,"featured_media":0,"comment_status":"open","ping_status":"open","sticky":false,"template":"","format":"standard","meta":[],"categories":[1],"tags":[],"_links":{"self":[{"href":"http:\/\/www.rcn-radio.org\/index.php\/wp-json\/wp\/v2\/posts\/32677"}],"collection":[{"href":"http:\/\/www.rcn-radio.org\/index.php\/wp-json\/wp\/v2\/posts"}],"about":[{"href":"http:\/\/www.rcn-radio.org\/index.php\/wp-json\/wp\/v2\/types\/post"}],"author":[{"embeddable":true,"href":"http:\/\/www.rcn-radio.org\/index.php\/wp-json\/wp\/v2\/users\/25"}],"replies":[{"embeddable":true,"href":"http:\/\/www.rcn-radio.org\/index.php\/wp-json\/wp\/v2\/comments?post=32677"}],"version-history":[{"count":4,"href":"http:\/\/www.rcn-radio.org\/index.php\/wp-json\/wp\/v2\/posts\/32677\/revisions"}],"predecessor-version":[{"id":32683,"href":"http:\/\/www.rcn-radio.org\/index.php\/wp-json\/wp\/v2\/posts\/32677\/revisions\/32683"}],"wp:attachment":[{"href":"http:\/\/www.rcn-radio.org\/index.php\/wp-json\/wp\/v2\/media?parent=32677"}],"wp:term":[{"taxonomy":"category","embeddable":true,"href":"http:\/\/www.rcn-radio.org\/index.php\/wp-json\/wp\/v2\/categories?post=32677"},{"taxonomy":"post_tag","embeddable":true,"href":"http:\/\/www.rcn-radio.org\/index.php\/wp-json\/wp\/v2\/tags?post=32677"}],"curies":[{"name":"wp","href":"https:\/\/api.w.org\/{rel}","templated":true}]}}