{"id":32709,"date":"2025-10-26T11:30:31","date_gmt":"2025-10-26T10:30:31","guid":{"rendered":"http:\/\/www.rcn-radio.org\/?p=32709"},"modified":"2025-10-26T11:35:41","modified_gmt":"2025-10-26T10:35:41","slug":"podcast-veille-hivernale-proteger-les-plus-vulnerables-en-periode-de-grand-froid","status":"publish","type":"post","link":"http:\/\/www.rcn-radio.org\/index.php\/podcast-veille-hivernale-proteger-les-plus-vulnerables-en-periode-de-grand-froid\/","title":{"rendered":"[PODCAST] Veille hivernale : prot\u00e9ger les plus vuln\u00e9rables en p\u00e9riode de grand froid"},"content":{"rendered":"<h3><span style=\"font-weight: 400;\"><img decoding=\"async\" loading=\"lazy\" class=\"size-medium wp-image-32710 alignleft\" src=\"http:\/\/www.rcn-radio.org\/wp-content\/uploads\/2025\/10\/2025_10_26_veille_hivernale-300x199.jpg\" alt=\"\" width=\"300\" height=\"199\" srcset=\"http:\/\/www.rcn-radio.org\/wp-content\/uploads\/2025\/10\/2025_10_26_veille_hivernale-300x199.jpg 300w, http:\/\/www.rcn-radio.org\/wp-content\/uploads\/2025\/10\/2025_10_26_veille_hivernale-1024x680.jpg 1024w, http:\/\/www.rcn-radio.org\/wp-content\/uploads\/2025\/10\/2025_10_26_veille_hivernale-768x510.jpg 768w, http:\/\/www.rcn-radio.org\/wp-content\/uploads\/2025\/10\/2025_10_26_veille_hivernale.jpg 1280w\" sizes=\"(max-width: 300px) 100vw, 300px\" \/>Le plan d\u00e9partemental de veille hivernale sera activ\u00e9 d\u00e8s le 1er novembre en Meurthe-et-Moselle. Mis en place jusqu\u2019au 31 mars 2026, il vise \u00e0 g\u00e9rer les impacts sanitaires et sociaux li\u00e9s aux vagues de froid. Ce dispositif permet d\u2019assurer une veille de l\u2019\u00e9volution climatique et de coordonner diff\u00e9rents acteurs locaux. Objectif : rep\u00e9rer les personnes les plus vuln\u00e9rables et renforcer le dispositif d\u2019h\u00e9bergement d\u2019urgence, ainsi que les maraudes.<\/span><\/h3>\n\n\n<figure class=\"wp-block-audio\"><audio controls src=\"http:\/\/www.rcn-radio.org\/wp-content\/uploads\/2025\/10\/2025_10_27_veille_hivernale.mp3\"><\/audio><\/figure>\n","protected":false},"excerpt":{"rendered":"<p>Le plan d\u00e9partemental de veille hivernale sera activ\u00e9 d\u00e8s le 1er novembre en Meurthe-et-Moselle. Mis en place jusqu\u2019au 31 mars 2026, il vise \u00e0 g\u00e9rer les impacts sanitaires et sociaux li\u00e9s aux vagues de froid. Ce dispositif permet d\u2019assurer une veille de l\u2019\u00e9volution climatique et de coordonner diff\u00e9rents acteurs locaux. Objectif : rep\u00e9rer les personnes [&hellip;]<\/p>\n","protected":false},"author":25,"featured_media":0,"comment_status":"open","ping_status":"open","sticky":false,"template":"","format":"standard","meta":[],"categories":[1],"tags":[],"_links":{"self":[{"href":"http:\/\/www.rcn-radio.org\/index.php\/wp-json\/wp\/v2\/posts\/32709"}],"collection":[{"href":"http:\/\/www.rcn-radio.org\/index.php\/wp-json\/wp\/v2\/posts"}],"about":[{"href":"http:\/\/www.rcn-radio.org\/index.php\/wp-json\/wp\/v2\/types\/post"}],"author":[{"embeddable":true,"href":"http:\/\/www.rcn-radio.org\/index.php\/wp-json\/wp\/v2\/users\/25"}],"replies":[{"embeddable":true,"href":"http:\/\/www.rcn-radio.org\/index.php\/wp-json\/wp\/v2\/comments?post=32709"}],"version-history":[{"count":4,"href":"http:\/\/www.rcn-radio.org\/index.php\/wp-json\/wp\/v2\/posts\/32709\/revisions"}],"predecessor-version":[{"id":32715,"href":"http:\/\/www.rcn-radio.org\/index.php\/wp-json\/wp\/v2\/posts\/32709\/revisions\/32715"}],"wp:attachment":[{"href":"http:\/\/www.rcn-radio.org\/index.php\/wp-json\/wp\/v2\/media?parent=32709"}],"wp:term":[{"taxonomy":"category","embeddable":true,"href":"http:\/\/www.rcn-radio.org\/index.php\/wp-json\/wp\/v2\/categories?post=32709"},{"taxonomy":"post_tag","embeddable":true,"href":"http:\/\/www.rcn-radio.org\/index.php\/wp-json\/wp\/v2\/tags?post=32709"}],"curies":[{"name":"wp","href":"https:\/\/api.w.org\/{rel}","templated":true}]}}