{"id":33100,"date":"2025-12-03T10:38:28","date_gmt":"2025-12-03T09:38:28","guid":{"rendered":"http:\/\/www.rcn-radio.org\/?p=33100"},"modified":"2025-12-03T10:38:29","modified_gmt":"2025-12-03T09:38:29","slug":"podcast-greve-du-2-decembre-une-mobilisation-a-la-peine","status":"publish","type":"post","link":"http:\/\/www.rcn-radio.org\/index.php\/podcast-greve-du-2-decembre-une-mobilisation-a-la-peine\/","title":{"rendered":"[PODCAST] Gr\u00e8ve du 2 d\u00e9cembre : une mobilisation \u00e0 la peine"},"content":{"rendered":"<h3><span style=\"font-weight: 400;\"><img decoding=\"async\" loading=\"lazy\" class=\"size-medium wp-image-33101 alignleft\" src=\"http:\/\/www.rcn-radio.org\/wp-content\/uploads\/2025\/12\/2025_12_03_manifestation_nancy-300x225.jpg\" alt=\"\" width=\"300\" height=\"225\" srcset=\"http:\/\/www.rcn-radio.org\/wp-content\/uploads\/2025\/12\/2025_12_03_manifestation_nancy-300x225.jpg 300w, http:\/\/www.rcn-radio.org\/wp-content\/uploads\/2025\/12\/2025_12_03_manifestation_nancy-1024x769.jpg 1024w, http:\/\/www.rcn-radio.org\/wp-content\/uploads\/2025\/12\/2025_12_03_manifestation_nancy-768x577.jpg 768w, http:\/\/www.rcn-radio.org\/wp-content\/uploads\/2025\/12\/2025_12_03_manifestation_nancy-1536x1153.jpg 1536w, http:\/\/www.rcn-radio.org\/wp-content\/uploads\/2025\/12\/2025_12_03_manifestation_nancy-2048x1538.jpg 2048w\" sizes=\"(max-width: 300px) 100vw, 300px\" \/>Alors que le gouvernement est en plein examen du Budget 2026, la CGT, la FSU et Solidaires appelaient \u00e0 une journ\u00e9e nationale de gr\u00e8ve et de manifestations ce mardi 2 d\u00e9cembre 2025 contre l&rsquo;aust\u00e9rit\u00e9 et pour les salaires. Quelque 150 rassemblements et cort\u00e8ges \u00e9taient pr\u00e9vus \u00e0 travers la France. Une mobilisation \u00e0 la peine, avec pr\u00e8s de 32 000 manifestants, selon le minist\u00e8re de l&rsquo;Int\u00e9rieur ; \u00ab\u00a0des dizaines de milliers\u00a0\u00bb, d&rsquo;apr\u00e8s la CGT.<\/span><\/h3>\n\n\n<figure class=\"wp-block-audio\"><audio controls src=\"http:\/\/www.rcn-radio.org\/wp-content\/uploads\/2025\/12\/2025_12_03_manifestation_nancy_budget_2026.mp3\"><\/audio><\/figure>\n","protected":false},"excerpt":{"rendered":"<p>Alors que le gouvernement est en plein examen du Budget 2026, la CGT, la FSU et Solidaires appelaient \u00e0 une journ\u00e9e nationale de gr\u00e8ve et de manifestations ce mardi 2 d\u00e9cembre 2025 contre l&rsquo;aust\u00e9rit\u00e9 et pour les salaires. Quelque 150 rassemblements et cort\u00e8ges \u00e9taient pr\u00e9vus \u00e0 travers la France. Une mobilisation \u00e0 la peine, avec [&hellip;]<\/p>\n","protected":false},"author":25,"featured_media":0,"comment_status":"open","ping_status":"open","sticky":false,"template":"","format":"standard","meta":[],"categories":[1],"tags":[],"_links":{"self":[{"href":"http:\/\/www.rcn-radio.org\/index.php\/wp-json\/wp\/v2\/posts\/33100"}],"collection":[{"href":"http:\/\/www.rcn-radio.org\/index.php\/wp-json\/wp\/v2\/posts"}],"about":[{"href":"http:\/\/www.rcn-radio.org\/index.php\/wp-json\/wp\/v2\/types\/post"}],"author":[{"embeddable":true,"href":"http:\/\/www.rcn-radio.org\/index.php\/wp-json\/wp\/v2\/users\/25"}],"replies":[{"embeddable":true,"href":"http:\/\/www.rcn-radio.org\/index.php\/wp-json\/wp\/v2\/comments?post=33100"}],"version-history":[{"count":1,"href":"http:\/\/www.rcn-radio.org\/index.php\/wp-json\/wp\/v2\/posts\/33100\/revisions"}],"predecessor-version":[{"id":33103,"href":"http:\/\/www.rcn-radio.org\/index.php\/wp-json\/wp\/v2\/posts\/33100\/revisions\/33103"}],"wp:attachment":[{"href":"http:\/\/www.rcn-radio.org\/index.php\/wp-json\/wp\/v2\/media?parent=33100"}],"wp:term":[{"taxonomy":"category","embeddable":true,"href":"http:\/\/www.rcn-radio.org\/index.php\/wp-json\/wp\/v2\/categories?post=33100"},{"taxonomy":"post_tag","embeddable":true,"href":"http:\/\/www.rcn-radio.org\/index.php\/wp-json\/wp\/v2\/tags?post=33100"}],"curies":[{"name":"wp","href":"https:\/\/api.w.org\/{rel}","templated":true}]}}