{"id":33156,"date":"2025-12-08T07:26:14","date_gmt":"2025-12-08T06:26:14","guid":{"rendered":"http:\/\/www.rcn-radio.org\/?p=33156"},"modified":"2025-12-08T07:26:15","modified_gmt":"2025-12-08T06:26:15","slug":"podcast-bienvenue-au-garage-solidaire-de-lorraine","status":"publish","type":"post","link":"http:\/\/www.rcn-radio.org\/index.php\/podcast-bienvenue-au-garage-solidaire-de-lorraine\/","title":{"rendered":"[PODCAST] Bienvenue au Garage Solidaire de Lorraine"},"content":{"rendered":"<h2><span style=\"font-weight: 400;\"><img decoding=\"async\" loading=\"lazy\" class=\"size-medium wp-image-33157 alignleft\" src=\"http:\/\/www.rcn-radio.org\/wp-content\/uploads\/2025\/12\/2025_12_08_garage_solidaire-300x225.jpg\" alt=\"\" width=\"300\" height=\"225\" srcset=\"http:\/\/www.rcn-radio.org\/wp-content\/uploads\/2025\/12\/2025_12_08_garage_solidaire-300x225.jpg 300w, http:\/\/www.rcn-radio.org\/wp-content\/uploads\/2025\/12\/2025_12_08_garage_solidaire-1024x769.jpg 1024w, http:\/\/www.rcn-radio.org\/wp-content\/uploads\/2025\/12\/2025_12_08_garage_solidaire-768x577.jpg 768w, http:\/\/www.rcn-radio.org\/wp-content\/uploads\/2025\/12\/2025_12_08_garage_solidaire-1536x1153.jpg 1536w, http:\/\/www.rcn-radio.org\/wp-content\/uploads\/2025\/12\/2025_12_08_garage_solidaire-2048x1538.jpg 2048w\" sizes=\"(max-width: 300px) 100vw, 300px\" \/>Depuis 2017, le Garage Solidaire de Lorraine \u00e0 Max\u00e9ville emploie des personnes en r\u00e9insertion professionnelle. <\/span><span style=\"font-weight: 400;\">Le Garage Solidaire Lorraine permet \u00e0 tous &#8211; particuliers, entreprises ou associations &#8211; de r\u00e9parer, louer ou acheter un v\u00e9hicule. Avec des tarifs solidaires aux personnes les plus en difficult\u00e9.<\/span><\/h2>\n\n\n<figure class=\"wp-block-audio\"><audio controls src=\"http:\/\/www.rcn-radio.org\/wp-content\/uploads\/2025\/12\/2025_12_08_garage_solidaire_de_lorraine.mp3\"><\/audio><\/figure>\n","protected":false},"excerpt":{"rendered":"<p>Depuis 2017, le Garage Solidaire de Lorraine \u00e0 Max\u00e9ville emploie des personnes en r\u00e9insertion professionnelle. Le Garage Solidaire Lorraine permet \u00e0 tous &#8211; particuliers, entreprises ou associations &#8211; de r\u00e9parer, louer ou acheter un v\u00e9hicule. Avec des tarifs solidaires aux personnes les plus en difficult\u00e9.<\/p>\n","protected":false},"author":25,"featured_media":0,"comment_status":"open","ping_status":"open","sticky":false,"template":"","format":"standard","meta":[],"categories":[1],"tags":[],"_links":{"self":[{"href":"http:\/\/www.rcn-radio.org\/index.php\/wp-json\/wp\/v2\/posts\/33156"}],"collection":[{"href":"http:\/\/www.rcn-radio.org\/index.php\/wp-json\/wp\/v2\/posts"}],"about":[{"href":"http:\/\/www.rcn-radio.org\/index.php\/wp-json\/wp\/v2\/types\/post"}],"author":[{"embeddable":true,"href":"http:\/\/www.rcn-radio.org\/index.php\/wp-json\/wp\/v2\/users\/25"}],"replies":[{"embeddable":true,"href":"http:\/\/www.rcn-radio.org\/index.php\/wp-json\/wp\/v2\/comments?post=33156"}],"version-history":[{"count":1,"href":"http:\/\/www.rcn-radio.org\/index.php\/wp-json\/wp\/v2\/posts\/33156\/revisions"}],"predecessor-version":[{"id":33159,"href":"http:\/\/www.rcn-radio.org\/index.php\/wp-json\/wp\/v2\/posts\/33156\/revisions\/33159"}],"wp:attachment":[{"href":"http:\/\/www.rcn-radio.org\/index.php\/wp-json\/wp\/v2\/media?parent=33156"}],"wp:term":[{"taxonomy":"category","embeddable":true,"href":"http:\/\/www.rcn-radio.org\/index.php\/wp-json\/wp\/v2\/categories?post=33156"},{"taxonomy":"post_tag","embeddable":true,"href":"http:\/\/www.rcn-radio.org\/index.php\/wp-json\/wp\/v2\/tags?post=33156"}],"curies":[{"name":"wp","href":"https:\/\/api.w.org\/{rel}","templated":true}]}}