{"id":33378,"date":"2026-01-19T08:53:48","date_gmt":"2026-01-19T07:53:48","guid":{"rendered":"http:\/\/www.rcn-radio.org\/?p=33378"},"modified":"2026-01-19T08:53:49","modified_gmt":"2026-01-19T07:53:49","slug":"podcast-jean-pierre-farandou-en-meurthe-et-moselle-pour-parler-de-securite-au-travail","status":"publish","type":"post","link":"http:\/\/www.rcn-radio.org\/index.php\/podcast-jean-pierre-farandou-en-meurthe-et-moselle-pour-parler-de-securite-au-travail\/","title":{"rendered":"[PODCAST] Jean-Pierre Farandou en Meurthe-et-Moselle pour parler de s\u00e9curit\u00e9 au travail"},"content":{"rendered":"<h2><span style=\"font-weight: 400;\"><img decoding=\"async\" loading=\"lazy\" class=\"alignleft wp-image-33379 size-thumbnail\" src=\"http:\/\/www.rcn-radio.org\/wp-content\/uploads\/2026\/01\/2025_01_19_ministre_travail-150x150.jpg\" alt=\"\" width=\"150\" height=\"150\" srcset=\"http:\/\/www.rcn-radio.org\/wp-content\/uploads\/2026\/01\/2025_01_19_ministre_travail-150x150.jpg 150w, http:\/\/www.rcn-radio.org\/wp-content\/uploads\/2026\/01\/2025_01_19_ministre_travail-300x297.jpg 300w, http:\/\/www.rcn-radio.org\/wp-content\/uploads\/2026\/01\/2025_01_19_ministre_travail-1024x1014.jpg 1024w, http:\/\/www.rcn-radio.org\/wp-content\/uploads\/2026\/01\/2025_01_19_ministre_travail-768x761.jpg 768w, http:\/\/www.rcn-radio.org\/wp-content\/uploads\/2026\/01\/2025_01_19_ministre_travail.jpg 1074w\" sizes=\"(max-width: 150px) 100vw, 150px\" \/>Jean-Pierre Farandou, ministre du Travail et des Solidarit\u00e9s, \u00e9tait en d\u00e9placement jeudi 8 janvier 2025 en Meurthe-et-Moselle. Un d\u00e9placement concernant les accidents du travail graves et mortels, dont il a fait de la r\u00e9duction un objectif prioritaire.<\/span><\/h2>\n\n\n<figure class=\"wp-block-audio\"><audio controls src=\"http:\/\/www.rcn-radio.org\/wp-content\/uploads\/2026\/01\/2026_01_19_deplacement_ministre_travail.mp3\"><\/audio><\/figure>\n","protected":false},"excerpt":{"rendered":"<p>Jean-Pierre Farandou, ministre du Travail et des Solidarit\u00e9s, \u00e9tait en d\u00e9placement jeudi 8 janvier 2025 en Meurthe-et-Moselle. Un d\u00e9placement concernant les accidents du travail graves et mortels, dont il a fait de la r\u00e9duction un objectif prioritaire.<\/p>\n","protected":false},"author":25,"featured_media":0,"comment_status":"open","ping_status":"open","sticky":false,"template":"","format":"standard","meta":[],"categories":[1],"tags":[],"_links":{"self":[{"href":"http:\/\/www.rcn-radio.org\/index.php\/wp-json\/wp\/v2\/posts\/33378"}],"collection":[{"href":"http:\/\/www.rcn-radio.org\/index.php\/wp-json\/wp\/v2\/posts"}],"about":[{"href":"http:\/\/www.rcn-radio.org\/index.php\/wp-json\/wp\/v2\/types\/post"}],"author":[{"embeddable":true,"href":"http:\/\/www.rcn-radio.org\/index.php\/wp-json\/wp\/v2\/users\/25"}],"replies":[{"embeddable":true,"href":"http:\/\/www.rcn-radio.org\/index.php\/wp-json\/wp\/v2\/comments?post=33378"}],"version-history":[{"count":2,"href":"http:\/\/www.rcn-radio.org\/index.php\/wp-json\/wp\/v2\/posts\/33378\/revisions"}],"predecessor-version":[{"id":33382,"href":"http:\/\/www.rcn-radio.org\/index.php\/wp-json\/wp\/v2\/posts\/33378\/revisions\/33382"}],"wp:attachment":[{"href":"http:\/\/www.rcn-radio.org\/index.php\/wp-json\/wp\/v2\/media?parent=33378"}],"wp:term":[{"taxonomy":"category","embeddable":true,"href":"http:\/\/www.rcn-radio.org\/index.php\/wp-json\/wp\/v2\/categories?post=33378"},{"taxonomy":"post_tag","embeddable":true,"href":"http:\/\/www.rcn-radio.org\/index.php\/wp-json\/wp\/v2\/tags?post=33378"}],"curies":[{"name":"wp","href":"https:\/\/api.w.org\/{rel}","templated":true}]}}