{"id":33389,"date":"2026-01-20T09:49:12","date_gmt":"2026-01-20T08:49:12","guid":{"rendered":"http:\/\/www.rcn-radio.org\/?p=33389"},"modified":"2026-01-20T09:49:13","modified_gmt":"2026-01-20T08:49:13","slug":"podcast-la-campagne-de-recensement-de-la-population-2026-est-lancee","status":"publish","type":"post","link":"http:\/\/www.rcn-radio.org\/index.php\/podcast-la-campagne-de-recensement-de-la-population-2026-est-lancee\/","title":{"rendered":"[PODCAST] La campagne de recensement de la population 2026 est lanc\u00e9e"},"content":{"rendered":"<h3><span style=\"font-weight: 400;\"><img decoding=\"async\" loading=\"lazy\" class=\"size-medium wp-image-33390 alignleft\" src=\"http:\/\/www.rcn-radio.org\/wp-content\/uploads\/2026\/01\/Vignette-recensement-2026-300x197.jpg\" alt=\"\" width=\"300\" height=\"197\" srcset=\"http:\/\/www.rcn-radio.org\/wp-content\/uploads\/2026\/01\/Vignette-recensement-2026-300x197.jpg 300w, http:\/\/www.rcn-radio.org\/wp-content\/uploads\/2026\/01\/Vignette-recensement-2026.jpg 380w\" sizes=\"(max-width: 300px) 100vw, 300px\" \/>L\u2019INSEE a lanc\u00e9 sa campagne de recensement de la population 2026 dans le Grand Est. <\/span><span style=\"font-weight: 400;\">L&rsquo;enqu\u00eate a lieu jusqu&rsquo;au 14 f\u00e9vrier dans les communes de moins de 10 000 habitants et jusqu&rsquo;au 21 f\u00e9vrier dans celles de plus de 10 000 habitants. Le recensement permet de savoir combien de personnes vivent en France et d&rsquo;\u00e9tablir la population de r\u00e9f\u00e9rence de chaque commune.<\/span><\/h3>\n\n\n<figure class=\"wp-block-audio\"><audio controls src=\"http:\/\/www.rcn-radio.org\/wp-content\/uploads\/2026\/01\/2025_01_20_recensement_insee_2026.mp3\"><\/audio><\/figure>\n","protected":false},"excerpt":{"rendered":"<p>L\u2019INSEE a lanc\u00e9 sa campagne de recensement de la population 2026 dans le Grand Est. L&rsquo;enqu\u00eate a lieu jusqu&rsquo;au 14 f\u00e9vrier dans les communes de moins de 10 000 habitants et jusqu&rsquo;au 21 f\u00e9vrier dans celles de plus de 10 000 habitants. Le recensement permet de savoir combien de personnes vivent en France et d&rsquo;\u00e9tablir [&hellip;]<\/p>\n","protected":false},"author":25,"featured_media":0,"comment_status":"open","ping_status":"open","sticky":false,"template":"","format":"standard","meta":[],"categories":[1],"tags":[],"_links":{"self":[{"href":"http:\/\/www.rcn-radio.org\/index.php\/wp-json\/wp\/v2\/posts\/33389"}],"collection":[{"href":"http:\/\/www.rcn-radio.org\/index.php\/wp-json\/wp\/v2\/posts"}],"about":[{"href":"http:\/\/www.rcn-radio.org\/index.php\/wp-json\/wp\/v2\/types\/post"}],"author":[{"embeddable":true,"href":"http:\/\/www.rcn-radio.org\/index.php\/wp-json\/wp\/v2\/users\/25"}],"replies":[{"embeddable":true,"href":"http:\/\/www.rcn-radio.org\/index.php\/wp-json\/wp\/v2\/comments?post=33389"}],"version-history":[{"count":2,"href":"http:\/\/www.rcn-radio.org\/index.php\/wp-json\/wp\/v2\/posts\/33389\/revisions"}],"predecessor-version":[{"id":33393,"href":"http:\/\/www.rcn-radio.org\/index.php\/wp-json\/wp\/v2\/posts\/33389\/revisions\/33393"}],"wp:attachment":[{"href":"http:\/\/www.rcn-radio.org\/index.php\/wp-json\/wp\/v2\/media?parent=33389"}],"wp:term":[{"taxonomy":"category","embeddable":true,"href":"http:\/\/www.rcn-radio.org\/index.php\/wp-json\/wp\/v2\/categories?post=33389"},{"taxonomy":"post_tag","embeddable":true,"href":"http:\/\/www.rcn-radio.org\/index.php\/wp-json\/wp\/v2\/tags?post=33389"}],"curies":[{"name":"wp","href":"https:\/\/api.w.org\/{rel}","templated":true}]}}