{"id":33398,"date":"2026-01-21T12:26:01","date_gmt":"2026-01-21T11:26:01","guid":{"rendered":"http:\/\/www.rcn-radio.org\/?p=33398"},"modified":"2026-01-21T12:26:02","modified_gmt":"2026-01-21T11:26:02","slug":"podcast-les-nuits-de-la-lecture-fetent-leurs-10-ans","status":"publish","type":"post","link":"http:\/\/www.rcn-radio.org\/index.php\/podcast-les-nuits-de-la-lecture-fetent-leurs-10-ans\/","title":{"rendered":"[PODCAST] Les Nuits de la lecture f\u00eatent leurs 10 ans"},"content":{"rendered":"<h3><span style=\"font-weight: 400;\"><img decoding=\"async\" loading=\"lazy\" class=\"size-medium wp-image-33399 alignleft\" src=\"http:\/\/www.rcn-radio.org\/wp-content\/uploads\/2026\/01\/2025_01_21_nuits_de_la_lecture-300x168.png\" alt=\"\" width=\"300\" height=\"168\" srcset=\"http:\/\/www.rcn-radio.org\/wp-content\/uploads\/2026\/01\/2025_01_21_nuits_de_la_lecture-300x168.png 300w, http:\/\/www.rcn-radio.org\/wp-content\/uploads\/2026\/01\/2025_01_21_nuits_de_la_lecture.png 744w\" sizes=\"(max-width: 300px) 100vw, 300px\" \/>Les 10e Nuits de la lecture se tiennent du 21 au 25 janvier 2026. Elles sont organis\u00e9es par le Centre national du livre sur proposition du minist\u00e8re de la Culture. Le public est invit\u00e9 \u00e0 se r\u00e9unir \u00e0 l\u2019occasion de milliers d\u2019\u00e9v\u00e9nements physiques et num\u00e9riques, gratuits, autour du th\u00e8me \u00ab\u00a0Villes et campagnes\u00a0\u00bb.<\/span><\/h3>\n\n\n<figure class=\"wp-block-audio\"><audio controls src=\"http:\/\/www.rcn-radio.org\/wp-content\/uploads\/2026\/01\/2025_01_21_nuits_de_la_lecture.mp3\"><\/audio><\/figure>\n","protected":false},"excerpt":{"rendered":"<p>Les 10e Nuits de la lecture se tiennent du 21 au 25 janvier 2026. Elles sont organis\u00e9es par le Centre national du livre sur proposition du minist\u00e8re de la Culture. Le public est invit\u00e9 \u00e0 se r\u00e9unir \u00e0 l\u2019occasion de milliers d\u2019\u00e9v\u00e9nements physiques et num\u00e9riques, gratuits, autour du th\u00e8me \u00ab\u00a0Villes et campagnes\u00a0\u00bb.<\/p>\n","protected":false},"author":25,"featured_media":0,"comment_status":"open","ping_status":"open","sticky":false,"template":"","format":"standard","meta":[],"categories":[1],"tags":[],"_links":{"self":[{"href":"http:\/\/www.rcn-radio.org\/index.php\/wp-json\/wp\/v2\/posts\/33398"}],"collection":[{"href":"http:\/\/www.rcn-radio.org\/index.php\/wp-json\/wp\/v2\/posts"}],"about":[{"href":"http:\/\/www.rcn-radio.org\/index.php\/wp-json\/wp\/v2\/types\/post"}],"author":[{"embeddable":true,"href":"http:\/\/www.rcn-radio.org\/index.php\/wp-json\/wp\/v2\/users\/25"}],"replies":[{"embeddable":true,"href":"http:\/\/www.rcn-radio.org\/index.php\/wp-json\/wp\/v2\/comments?post=33398"}],"version-history":[{"count":2,"href":"http:\/\/www.rcn-radio.org\/index.php\/wp-json\/wp\/v2\/posts\/33398\/revisions"}],"predecessor-version":[{"id":33402,"href":"http:\/\/www.rcn-radio.org\/index.php\/wp-json\/wp\/v2\/posts\/33398\/revisions\/33402"}],"wp:attachment":[{"href":"http:\/\/www.rcn-radio.org\/index.php\/wp-json\/wp\/v2\/media?parent=33398"}],"wp:term":[{"taxonomy":"category","embeddable":true,"href":"http:\/\/www.rcn-radio.org\/index.php\/wp-json\/wp\/v2\/categories?post=33398"},{"taxonomy":"post_tag","embeddable":true,"href":"http:\/\/www.rcn-radio.org\/index.php\/wp-json\/wp\/v2\/tags?post=33398"}],"curies":[{"name":"wp","href":"https:\/\/api.w.org\/{rel}","templated":true}]}}