{"id":33404,"date":"2026-01-22T11:40:02","date_gmt":"2026-01-22T10:40:02","guid":{"rendered":"http:\/\/www.rcn-radio.org\/?p=33404"},"modified":"2026-01-22T11:40:02","modified_gmt":"2026-01-22T10:40:02","slug":"podcast-nancy-quelles-perspectives-pour-le-chru-en-2026","status":"publish","type":"post","link":"http:\/\/www.rcn-radio.org\/index.php\/podcast-nancy-quelles-perspectives-pour-le-chru-en-2026\/","title":{"rendered":"[PODCAST] Nancy : quelles perspectives pour le CHRU en 2026 ?"},"content":{"rendered":"<h1><span style=\"font-weight: 400;\"><img decoding=\"async\" loading=\"lazy\" class=\"size-medium wp-image-33405 alignleft\" src=\"http:\/\/www.rcn-radio.org\/wp-content\/uploads\/2026\/01\/2025_010_22_chru_nancy-300x216.jpg\" alt=\"\" width=\"300\" height=\"216\" srcset=\"http:\/\/www.rcn-radio.org\/wp-content\/uploads\/2026\/01\/2025_010_22_chru_nancy-300x216.jpg 300w, http:\/\/www.rcn-radio.org\/wp-content\/uploads\/2026\/01\/2025_010_22_chru_nancy-1024x738.jpg 1024w, http:\/\/www.rcn-radio.org\/wp-content\/uploads\/2026\/01\/2025_010_22_chru_nancy-768x554.jpg 768w, http:\/\/www.rcn-radio.org\/wp-content\/uploads\/2026\/01\/2025_010_22_chru_nancy.jpg 1280w\" sizes=\"(max-width: 300px) 100vw, 300px\" \/>Bilan d\u2019activit\u00e9, situation financi\u00e8re, certification par la Haute Autorit\u00e9 de Sant\u00e9, avanc\u00e9es du Nouvel H\u00f4pital de Nancy et attractivit\u00e9 territoriale ; la presse \u00e9tait convi\u00e9e il y a quelques jours au CHRU de Nancy pour faire le point sur l\u2019ann\u00e9e 2025 et les dossiers en cours pour 2026.<\/span><\/h1>\n\n\n<figure class=\"wp-block-audio\"><audio controls src=\"http:\/\/www.rcn-radio.org\/wp-content\/uploads\/2026\/01\/2025_01_22_rentree_chru_nancy.mp3\"><\/audio><\/figure>\n","protected":false},"excerpt":{"rendered":"<p>Bilan d\u2019activit\u00e9, situation financi\u00e8re, certification par la Haute Autorit\u00e9 de Sant\u00e9, avanc\u00e9es du Nouvel H\u00f4pital de Nancy et attractivit\u00e9 territoriale ; la presse \u00e9tait convi\u00e9e il y a quelques jours au CHRU de Nancy pour faire le point sur l\u2019ann\u00e9e 2025 et les dossiers en cours pour 2026.<\/p>\n","protected":false},"author":25,"featured_media":0,"comment_status":"open","ping_status":"open","sticky":false,"template":"","format":"standard","meta":[],"categories":[1],"tags":[],"_links":{"self":[{"href":"http:\/\/www.rcn-radio.org\/index.php\/wp-json\/wp\/v2\/posts\/33404"}],"collection":[{"href":"http:\/\/www.rcn-radio.org\/index.php\/wp-json\/wp\/v2\/posts"}],"about":[{"href":"http:\/\/www.rcn-radio.org\/index.php\/wp-json\/wp\/v2\/types\/post"}],"author":[{"embeddable":true,"href":"http:\/\/www.rcn-radio.org\/index.php\/wp-json\/wp\/v2\/users\/25"}],"replies":[{"embeddable":true,"href":"http:\/\/www.rcn-radio.org\/index.php\/wp-json\/wp\/v2\/comments?post=33404"}],"version-history":[{"count":3,"href":"http:\/\/www.rcn-radio.org\/index.php\/wp-json\/wp\/v2\/posts\/33404\/revisions"}],"predecessor-version":[{"id":33409,"href":"http:\/\/www.rcn-radio.org\/index.php\/wp-json\/wp\/v2\/posts\/33404\/revisions\/33409"}],"wp:attachment":[{"href":"http:\/\/www.rcn-radio.org\/index.php\/wp-json\/wp\/v2\/media?parent=33404"}],"wp:term":[{"taxonomy":"category","embeddable":true,"href":"http:\/\/www.rcn-radio.org\/index.php\/wp-json\/wp\/v2\/categories?post=33404"},{"taxonomy":"post_tag","embeddable":true,"href":"http:\/\/www.rcn-radio.org\/index.php\/wp-json\/wp\/v2\/tags?post=33404"}],"curies":[{"name":"wp","href":"https:\/\/api.w.org\/{rel}","templated":true}]}}