{"id":33425,"date":"2026-01-23T13:18:09","date_gmt":"2026-01-23T12:18:09","guid":{"rendered":"http:\/\/www.rcn-radio.org\/?p=33425"},"modified":"2026-01-23T13:22:56","modified_gmt":"2026-01-23T12:22:56","slug":"podcast-cap-sur-2026-pour-le-prefet-de-meurthe-et-moselle","status":"publish","type":"post","link":"http:\/\/www.rcn-radio.org\/index.php\/podcast-cap-sur-2026-pour-le-prefet-de-meurthe-et-moselle\/","title":{"rendered":"[PODCAST] Cap sur 2026 pour le pr\u00e9fet de Meurthe-et-Moselle"},"content":{"rendered":"<h2><span style=\"font-weight: 400;\"><img decoding=\"async\" loading=\"lazy\" class=\"size-medium wp-image-33426 alignleft\" src=\"http:\/\/www.rcn-radio.org\/wp-content\/uploads\/2026\/01\/2025_01_23_prefet_54-300x165.jpg\" alt=\"\" width=\"300\" height=\"165\" srcset=\"http:\/\/www.rcn-radio.org\/wp-content\/uploads\/2026\/01\/2025_01_23_prefet_54-300x165.jpg 300w, http:\/\/www.rcn-radio.org\/wp-content\/uploads\/2026\/01\/2025_01_23_prefet_54.jpg 689w\" sizes=\"(max-width: 300px) 100vw, 300px\" \/>Yves S\u00e9guy, pr\u00e9fet de Meurthe-et-Moselle, a r\u00e9cemment convi\u00e9 la presse pour faire le bilan des actions men\u00e9es en 2025 dans le d\u00e9partement et esquisser les perspectives pour 2026. Parmi les dossiers : s\u00e9curit\u00e9, agriculture, industrie, \u00e9lections municipales&#8230;<\/span><\/h2>\n\n\n<figure class=\"wp-block-audio\"><audio controls src=\"http:\/\/www.rcn-radio.org\/wp-content\/uploads\/2026\/01\/2025_01_23_dossiers_prefet_2026.mp3\"><\/audio><\/figure>\n","protected":false},"excerpt":{"rendered":"<p>Yves S\u00e9guy, pr\u00e9fet de Meurthe-et-Moselle, a r\u00e9cemment convi\u00e9 la presse pour faire le bilan des actions men\u00e9es en 2025 dans le d\u00e9partement et esquisser les perspectives pour 2026. Parmi les dossiers : s\u00e9curit\u00e9, agriculture, industrie, \u00e9lections municipales&#8230;<\/p>\n","protected":false},"author":25,"featured_media":0,"comment_status":"open","ping_status":"open","sticky":false,"template":"","format":"standard","meta":[],"categories":[1],"tags":[],"_links":{"self":[{"href":"http:\/\/www.rcn-radio.org\/index.php\/wp-json\/wp\/v2\/posts\/33425"}],"collection":[{"href":"http:\/\/www.rcn-radio.org\/index.php\/wp-json\/wp\/v2\/posts"}],"about":[{"href":"http:\/\/www.rcn-radio.org\/index.php\/wp-json\/wp\/v2\/types\/post"}],"author":[{"embeddable":true,"href":"http:\/\/www.rcn-radio.org\/index.php\/wp-json\/wp\/v2\/users\/25"}],"replies":[{"embeddable":true,"href":"http:\/\/www.rcn-radio.org\/index.php\/wp-json\/wp\/v2\/comments?post=33425"}],"version-history":[{"count":4,"href":"http:\/\/www.rcn-radio.org\/index.php\/wp-json\/wp\/v2\/posts\/33425\/revisions"}],"predecessor-version":[{"id":33433,"href":"http:\/\/www.rcn-radio.org\/index.php\/wp-json\/wp\/v2\/posts\/33425\/revisions\/33433"}],"wp:attachment":[{"href":"http:\/\/www.rcn-radio.org\/index.php\/wp-json\/wp\/v2\/media?parent=33425"}],"wp:term":[{"taxonomy":"category","embeddable":true,"href":"http:\/\/www.rcn-radio.org\/index.php\/wp-json\/wp\/v2\/categories?post=33425"},{"taxonomy":"post_tag","embeddable":true,"href":"http:\/\/www.rcn-radio.org\/index.php\/wp-json\/wp\/v2\/tags?post=33425"}],"curies":[{"name":"wp","href":"https:\/\/api.w.org\/{rel}","templated":true}]}}