{"id":33451,"date":"2026-01-27T16:45:59","date_gmt":"2026-01-27T15:45:59","guid":{"rendered":"http:\/\/www.rcn-radio.org\/?p=33451"},"modified":"2026-01-27T16:45:59","modified_gmt":"2026-01-27T15:45:59","slug":"podcast-en-meurthe-et-moselle-laars-intervient-aupres-des-plus-vulnerables","status":"publish","type":"post","link":"http:\/\/www.rcn-radio.org\/index.php\/podcast-en-meurthe-et-moselle-laars-intervient-aupres-des-plus-vulnerables\/","title":{"rendered":"[PODCAST] En Meurthe-et-Moselle, l&rsquo;AARS intervient aupr\u00e8s des plus vuln\u00e9rables"},"content":{"rendered":"<h3><span style=\"font-weight: 400;\"><img decoding=\"async\" loading=\"lazy\" class=\"alignleft wp-image-33452 size-thumbnail\" src=\"http:\/\/www.rcn-radio.org\/wp-content\/uploads\/2026\/01\/2026_27_01_association-aars-150x150.jpg\" alt=\"\" width=\"150\" height=\"150\" srcset=\"http:\/\/www.rcn-radio.org\/wp-content\/uploads\/2026\/01\/2026_27_01_association-aars-150x150.jpg 150w, http:\/\/www.rcn-radio.org\/wp-content\/uploads\/2026\/01\/2026_27_01_association-aars-300x300.jpg 300w, http:\/\/www.rcn-radio.org\/wp-content\/uploads\/2026\/01\/2026_27_01_association-aars.jpg 500w\" sizes=\"(max-width: 150px) 100vw, 150px\" \/>L\u2019Association Accueil et R\u00e9insertion Sociale a inaugur\u00e9 il y a quelques jours son nouveau si\u00e8ge social \u00e0 Nancy. L\u2019occasion de faire un zoom sur cette association qui agit sur la Meurthe-et-Moselle Sud. L\u2019AARS intervient aupr\u00e8s des publics les plus vuln\u00e9rables \u00e0 travers diff\u00e9rentes actions : urgence sociale, h\u00e9bergement, m\u00e9dico-social ou accompagnement vers l\u2019emploi et le logement.<\/span><\/h3>\n\n\n<figure class=\"wp-block-audio\"><audio controls src=\"http:\/\/www.rcn-radio.org\/wp-content\/uploads\/2026\/01\/2026_01_26_association_AARS.mp3\"><\/audio><\/figure>\n","protected":false},"excerpt":{"rendered":"<p>L\u2019Association Accueil et R\u00e9insertion Sociale a inaugur\u00e9 il y a quelques jours son nouveau si\u00e8ge social \u00e0 Nancy. L\u2019occasion de faire un zoom sur cette association qui agit sur la Meurthe-et-Moselle Sud. L\u2019AARS intervient aupr\u00e8s des publics les plus vuln\u00e9rables \u00e0 travers diff\u00e9rentes actions : urgence sociale, h\u00e9bergement, m\u00e9dico-social ou accompagnement vers l\u2019emploi et le [&hellip;]<\/p>\n","protected":false},"author":25,"featured_media":0,"comment_status":"open","ping_status":"open","sticky":false,"template":"","format":"standard","meta":[],"categories":[1],"tags":[],"_links":{"self":[{"href":"http:\/\/www.rcn-radio.org\/index.php\/wp-json\/wp\/v2\/posts\/33451"}],"collection":[{"href":"http:\/\/www.rcn-radio.org\/index.php\/wp-json\/wp\/v2\/posts"}],"about":[{"href":"http:\/\/www.rcn-radio.org\/index.php\/wp-json\/wp\/v2\/types\/post"}],"author":[{"embeddable":true,"href":"http:\/\/www.rcn-radio.org\/index.php\/wp-json\/wp\/v2\/users\/25"}],"replies":[{"embeddable":true,"href":"http:\/\/www.rcn-radio.org\/index.php\/wp-json\/wp\/v2\/comments?post=33451"}],"version-history":[{"count":1,"href":"http:\/\/www.rcn-radio.org\/index.php\/wp-json\/wp\/v2\/posts\/33451\/revisions"}],"predecessor-version":[{"id":33454,"href":"http:\/\/www.rcn-radio.org\/index.php\/wp-json\/wp\/v2\/posts\/33451\/revisions\/33454"}],"wp:attachment":[{"href":"http:\/\/www.rcn-radio.org\/index.php\/wp-json\/wp\/v2\/media?parent=33451"}],"wp:term":[{"taxonomy":"category","embeddable":true,"href":"http:\/\/www.rcn-radio.org\/index.php\/wp-json\/wp\/v2\/categories?post=33451"},{"taxonomy":"post_tag","embeddable":true,"href":"http:\/\/www.rcn-radio.org\/index.php\/wp-json\/wp\/v2\/tags?post=33451"}],"curies":[{"name":"wp","href":"https:\/\/api.w.org\/{rel}","templated":true}]}}