{"id":33666,"date":"2026-03-02T08:27:45","date_gmt":"2026-03-02T07:27:45","guid":{"rendered":"http:\/\/www.rcn-radio.org\/?p=33666"},"modified":"2026-03-02T08:29:43","modified_gmt":"2026-03-02T07:29:43","slug":"podcast-letat-du-surendettement-en-meurthe-et-moselle","status":"publish","type":"post","link":"http:\/\/www.rcn-radio.org\/index.php\/podcast-letat-du-surendettement-en-meurthe-et-moselle\/","title":{"rendered":"[PODCAST] L&rsquo;\u00e9tat du surendettement en Meurthe-et-Moselle"},"content":{"rendered":"<h3><span style=\"font-weight: 400;\"><img decoding=\"async\" loading=\"lazy\" class=\"alignleft wp-image-33693 size-thumbnail\" src=\"http:\/\/www.rcn-radio.org\/wp-content\/uploads\/2026\/03\/2026_03_02_surdendettement-150x150.jpg\" alt=\"\" width=\"150\" height=\"150\" \/>La presse \u00e9tait convi\u00e9e il y a quelques jours dans les locaux de la Banque de France, \u00e0 Nancy, pour faire le point sur le surendettement des m\u00e9nages en 2025 en Meurthe-et-Moselle. Dans le d\u00e9partement, l&rsquo;endettement est concentr\u00e9 sur la consommation et les charges courantes. Les d\u00e9tails avec Christophe Maurel, directeur d\u00e9partemental de la Banque de France. <\/span><\/h3>\n\n\n<figure class=\"wp-block-audio\"><audio controls src=\"http:\/\/www.rcn-radio.org\/wp-content\/uploads\/2026\/03\/2026_03_01_surendettement_departement_54.mp3\"><\/audio><\/figure>\n","protected":false},"excerpt":{"rendered":"<p>La presse \u00e9tait convi\u00e9e il y a quelques jours dans les locaux de la Banque de France, \u00e0 Nancy, pour faire le point sur le surendettement des m\u00e9nages en 2025 en Meurthe-et-Moselle. Dans le d\u00e9partement, l&rsquo;endettement est concentr\u00e9 sur la consommation et les charges courantes. Les d\u00e9tails avec Christophe Maurel, directeur d\u00e9partemental de la Banque [&hellip;]<\/p>\n","protected":false},"author":25,"featured_media":0,"comment_status":"open","ping_status":"open","sticky":false,"template":"","format":"standard","meta":[],"categories":[1],"tags":[],"_links":{"self":[{"href":"http:\/\/www.rcn-radio.org\/index.php\/wp-json\/wp\/v2\/posts\/33666"}],"collection":[{"href":"http:\/\/www.rcn-radio.org\/index.php\/wp-json\/wp\/v2\/posts"}],"about":[{"href":"http:\/\/www.rcn-radio.org\/index.php\/wp-json\/wp\/v2\/types\/post"}],"author":[{"embeddable":true,"href":"http:\/\/www.rcn-radio.org\/index.php\/wp-json\/wp\/v2\/users\/25"}],"replies":[{"embeddable":true,"href":"http:\/\/www.rcn-radio.org\/index.php\/wp-json\/wp\/v2\/comments?post=33666"}],"version-history":[{"count":3,"href":"http:\/\/www.rcn-radio.org\/index.php\/wp-json\/wp\/v2\/posts\/33666\/revisions"}],"predecessor-version":[{"id":33697,"href":"http:\/\/www.rcn-radio.org\/index.php\/wp-json\/wp\/v2\/posts\/33666\/revisions\/33697"}],"wp:attachment":[{"href":"http:\/\/www.rcn-radio.org\/index.php\/wp-json\/wp\/v2\/media?parent=33666"}],"wp:term":[{"taxonomy":"category","embeddable":true,"href":"http:\/\/www.rcn-radio.org\/index.php\/wp-json\/wp\/v2\/categories?post=33666"},{"taxonomy":"post_tag","embeddable":true,"href":"http:\/\/www.rcn-radio.org\/index.php\/wp-json\/wp\/v2\/tags?post=33666"}],"curies":[{"name":"wp","href":"https:\/\/api.w.org\/{rel}","templated":true}]}}