{"id":33703,"date":"2026-03-03T21:19:07","date_gmt":"2026-03-03T20:19:07","guid":{"rendered":"http:\/\/www.rcn-radio.org\/?p=33703"},"modified":"2026-03-03T21:19:54","modified_gmt":"2026-03-03T20:19:54","slug":"podcast-nancy-le-collectif-entourloop-soppose-au-projet-durbanloop","status":"publish","type":"post","link":"http:\/\/www.rcn-radio.org\/index.php\/podcast-nancy-le-collectif-entourloop-soppose-au-projet-durbanloop\/","title":{"rendered":"[PODCAST] Nancy : le collectif Entourloop s\u2019oppose au projet d\u2019Urbanloop"},"content":{"rendered":"<h3><span style=\"font-weight: 400;\"><img decoding=\"async\" loading=\"lazy\" class=\"size-medium wp-image-33704 alignleft\" src=\"http:\/\/www.rcn-radio.org\/wp-content\/uploads\/2026\/03\/2026_03_03_entourloop-300x208.jpg\" alt=\"\" width=\"300\" height=\"208\" srcset=\"http:\/\/www.rcn-radio.org\/wp-content\/uploads\/2026\/03\/2026_03_03_entourloop-300x208.jpg 300w, http:\/\/www.rcn-radio.org\/wp-content\/uploads\/2026\/03\/2026_03_03_entourloop-768x533.jpg 768w, http:\/\/www.rcn-radio.org\/wp-content\/uploads\/2026\/03\/2026_03_03_entourloop.jpg 971w\" sizes=\"(max-width: 300px) 100vw, 300px\" \/>A Nancy, le collectif Entourloop s\u2019oppose au projet d\u2019Urbanloop. Ce nouveau mode de transport qui doit arriver sur l\u2019agglom\u00e9ration nanc\u00e9ienne en 2028 consiste en un syst\u00e8me de capsules autonomes se d\u00e9pla\u00e7ant sur rails gr\u00e2ce \u00e0 une alimentation \u00e9lectrique. Compos\u00e9 d\u2019habitants du quartier des Trois-Maisons et de militants \u00e9cologistes, le collectif Entourloop d\u00e9nonce un manque de transparence et de concertation pour la mise en \u0153uvre de ce projet qui ne r\u00e9pondrait pas aux besoins des habitants du quartier.<\/span><\/h3>\n\n\n<figure class=\"wp-block-audio\"><audio controls src=\"http:\/\/www.rcn-radio.org\/wp-content\/uploads\/2026\/03\/2026_03_03_collectif_entourloop.mp3\"><\/audio><\/figure>\n","protected":false},"excerpt":{"rendered":"<p>A Nancy, le collectif Entourloop s\u2019oppose au projet d\u2019Urbanloop. Ce nouveau mode de transport qui doit arriver sur l\u2019agglom\u00e9ration nanc\u00e9ienne en 2028 consiste en un syst\u00e8me de capsules autonomes se d\u00e9pla\u00e7ant sur rails gr\u00e2ce \u00e0 une alimentation \u00e9lectrique. Compos\u00e9 d\u2019habitants du quartier des Trois-Maisons et de militants \u00e9cologistes, le collectif Entourloop d\u00e9nonce un manque de [&hellip;]<\/p>\n","protected":false},"author":25,"featured_media":0,"comment_status":"open","ping_status":"open","sticky":false,"template":"","format":"standard","meta":[],"categories":[1],"tags":[],"_links":{"self":[{"href":"http:\/\/www.rcn-radio.org\/index.php\/wp-json\/wp\/v2\/posts\/33703"}],"collection":[{"href":"http:\/\/www.rcn-radio.org\/index.php\/wp-json\/wp\/v2\/posts"}],"about":[{"href":"http:\/\/www.rcn-radio.org\/index.php\/wp-json\/wp\/v2\/types\/post"}],"author":[{"embeddable":true,"href":"http:\/\/www.rcn-radio.org\/index.php\/wp-json\/wp\/v2\/users\/25"}],"replies":[{"embeddable":true,"href":"http:\/\/www.rcn-radio.org\/index.php\/wp-json\/wp\/v2\/comments?post=33703"}],"version-history":[{"count":4,"href":"http:\/\/www.rcn-radio.org\/index.php\/wp-json\/wp\/v2\/posts\/33703\/revisions"}],"predecessor-version":[{"id":33709,"href":"http:\/\/www.rcn-radio.org\/index.php\/wp-json\/wp\/v2\/posts\/33703\/revisions\/33709"}],"wp:attachment":[{"href":"http:\/\/www.rcn-radio.org\/index.php\/wp-json\/wp\/v2\/media?parent=33703"}],"wp:term":[{"taxonomy":"category","embeddable":true,"href":"http:\/\/www.rcn-radio.org\/index.php\/wp-json\/wp\/v2\/categories?post=33703"},{"taxonomy":"post_tag","embeddable":true,"href":"http:\/\/www.rcn-radio.org\/index.php\/wp-json\/wp\/v2\/tags?post=33703"}],"curies":[{"name":"wp","href":"https:\/\/api.w.org\/{rel}","templated":true}]}}