{"id":33710,"date":"2026-03-04T09:58:25","date_gmt":"2026-03-04T08:58:25","guid":{"rendered":"http:\/\/www.rcn-radio.org\/?p=33710"},"modified":"2026-03-04T09:58:26","modified_gmt":"2026-03-04T08:58:26","slug":"podcast-elections-municipales-les-francais-appeles-aux-urnes-les-15-et-22-mars-2026","status":"publish","type":"post","link":"http:\/\/www.rcn-radio.org\/index.php\/podcast-elections-municipales-les-francais-appeles-aux-urnes-les-15-et-22-mars-2026\/","title":{"rendered":"[PODCAST] Elections municipales : les Fran\u00e7ais appel\u00e9s aux urnes les 15 et 22 mars 2026"},"content":{"rendered":"<h2><span style=\"font-weight: 400;\"><img decoding=\"async\" loading=\"lazy\" class=\"alignleft wp-image-33711 size-medium\" src=\"http:\/\/www.rcn-radio.org\/wp-content\/uploads\/2026\/03\/2026_03_04_elections_municipales-300x168.jpg\" alt=\"\" width=\"300\" height=\"168\" srcset=\"http:\/\/www.rcn-radio.org\/wp-content\/uploads\/2026\/03\/2026_03_04_elections_municipales-300x168.jpg 300w, http:\/\/www.rcn-radio.org\/wp-content\/uploads\/2026\/03\/2026_03_04_elections_municipales-1024x572.jpg 1024w, http:\/\/www.rcn-radio.org\/wp-content\/uploads\/2026\/03\/2026_03_04_elections_municipales-768x429.jpg 768w, http:\/\/www.rcn-radio.org\/wp-content\/uploads\/2026\/03\/2026_03_04_elections_municipales-1536x858.jpg 1536w, http:\/\/www.rcn-radio.org\/wp-content\/uploads\/2026\/03\/2026_03_04_elections_municipales.jpg 1920w\" sizes=\"(max-width: 300px) 100vw, 300px\" \/>Les prochaines \u00e9lections municipales auront lieu <\/span><span style=\"font-weight: 400;\">les 15 et 22 mars 2026. Si vous souhaitez voter, alors que vous n&rsquo;\u00eates pas inscrits sur les listes \u00e9lectorales, vous devez vous inscrire au plus tard le 6 f\u00e9vrier.<\/span><\/h2>\n<p>\u00a0<\/p>\n\n\n<figure class=\"wp-block-audio\"><audio controls src=\"http:\/\/www.rcn-radio.org\/wp-content\/uploads\/2026\/03\/2026_03_04_elections_municipales.mp3\"><\/audio><\/figure>\n","protected":false},"excerpt":{"rendered":"<p>Les prochaines \u00e9lections municipales auront lieu les 15 et 22 mars 2026. Si vous souhaitez voter, alors que vous n&rsquo;\u00eates pas inscrits sur les listes \u00e9lectorales, vous devez vous inscrire au plus tard le 6 f\u00e9vrier. \u00a0<\/p>\n","protected":false},"author":25,"featured_media":0,"comment_status":"open","ping_status":"open","sticky":false,"template":"","format":"standard","meta":[],"categories":[1],"tags":[],"_links":{"self":[{"href":"http:\/\/www.rcn-radio.org\/index.php\/wp-json\/wp\/v2\/posts\/33710"}],"collection":[{"href":"http:\/\/www.rcn-radio.org\/index.php\/wp-json\/wp\/v2\/posts"}],"about":[{"href":"http:\/\/www.rcn-radio.org\/index.php\/wp-json\/wp\/v2\/types\/post"}],"author":[{"embeddable":true,"href":"http:\/\/www.rcn-radio.org\/index.php\/wp-json\/wp\/v2\/users\/25"}],"replies":[{"embeddable":true,"href":"http:\/\/www.rcn-radio.org\/index.php\/wp-json\/wp\/v2\/comments?post=33710"}],"version-history":[{"count":7,"href":"http:\/\/www.rcn-radio.org\/index.php\/wp-json\/wp\/v2\/posts\/33710\/revisions"}],"predecessor-version":[{"id":33719,"href":"http:\/\/www.rcn-radio.org\/index.php\/wp-json\/wp\/v2\/posts\/33710\/revisions\/33719"}],"wp:attachment":[{"href":"http:\/\/www.rcn-radio.org\/index.php\/wp-json\/wp\/v2\/media?parent=33710"}],"wp:term":[{"taxonomy":"category","embeddable":true,"href":"http:\/\/www.rcn-radio.org\/index.php\/wp-json\/wp\/v2\/categories?post=33710"},{"taxonomy":"post_tag","embeddable":true,"href":"http:\/\/www.rcn-radio.org\/index.php\/wp-json\/wp\/v2\/tags?post=33710"}],"curies":[{"name":"wp","href":"https:\/\/api.w.org\/{rel}","templated":true}]}}