{"id":33786,"date":"2026-03-17T08:22:43","date_gmt":"2026-03-17T07:22:43","guid":{"rendered":"http:\/\/www.rcn-radio.org\/?p=33786"},"modified":"2026-03-17T08:22:44","modified_gmt":"2026-03-17T07:22:44","slug":"podcast-nancy-le-jardin-ephemere-en-hommage-a-emile-galle","status":"publish","type":"post","link":"http:\/\/www.rcn-radio.org\/index.php\/podcast-nancy-le-jardin-ephemere-en-hommage-a-emile-galle\/","title":{"rendered":"[PODCAST] Nancy : le Jardin \u00e9ph\u00e9m\u00e8re en hommage \u00e0 Emile Gall\u00e9"},"content":{"rendered":"<h2><span style=\"font-weight: 400;\"><img decoding=\"async\" loading=\"lazy\" class=\"alignleft wp-image-33787 size-thumbnail\" src=\"http:\/\/www.rcn-radio.org\/wp-content\/uploads\/2026\/03\/2026_03_17_emile_galle-150x150.jpg\" alt=\"\" width=\"150\" height=\"150\" \/>La ville de Nancy a d\u00e9voil\u00e9 les premiers d\u00e9tails du Jardin \u00e9ph\u00e9m\u00e8re 2026 qui sera install\u00e9 \u00e0 l\u2019automne sur la Place Stanislas. Le th\u00e8me de cette ann\u00e9e : \u00ab Gall\u00e9 ou l\u2019\u00e9clat du vert \u00bb, en<\/span><span style=\"font-weight: 400;\">\u00a0hommage \u00e0 Emile Gall\u00e9, fondateur de l\u2019Ecole de Nancy. <\/span><\/h2>\n\n\n<figure class=\"wp-block-audio\"><audio controls src=\"http:\/\/www.rcn-radio.org\/wp-content\/uploads\/2026\/03\/2026_03_17_jardin_ephemere_nancy.mp3\"><\/audio><\/figure>\n","protected":false},"excerpt":{"rendered":"<p>La ville de Nancy a d\u00e9voil\u00e9 les premiers d\u00e9tails du Jardin \u00e9ph\u00e9m\u00e8re 2026 qui sera install\u00e9 \u00e0 l\u2019automne sur la Place Stanislas. Le th\u00e8me de cette ann\u00e9e : \u00ab Gall\u00e9 ou l\u2019\u00e9clat du vert \u00bb, en\u00a0hommage \u00e0 Emile Gall\u00e9, fondateur de l\u2019Ecole de Nancy.<\/p>\n","protected":false},"author":25,"featured_media":0,"comment_status":"open","ping_status":"open","sticky":false,"template":"","format":"standard","meta":[],"categories":[1],"tags":[],"_links":{"self":[{"href":"http:\/\/www.rcn-radio.org\/index.php\/wp-json\/wp\/v2\/posts\/33786"}],"collection":[{"href":"http:\/\/www.rcn-radio.org\/index.php\/wp-json\/wp\/v2\/posts"}],"about":[{"href":"http:\/\/www.rcn-radio.org\/index.php\/wp-json\/wp\/v2\/types\/post"}],"author":[{"embeddable":true,"href":"http:\/\/www.rcn-radio.org\/index.php\/wp-json\/wp\/v2\/users\/25"}],"replies":[{"embeddable":true,"href":"http:\/\/www.rcn-radio.org\/index.php\/wp-json\/wp\/v2\/comments?post=33786"}],"version-history":[{"count":2,"href":"http:\/\/www.rcn-radio.org\/index.php\/wp-json\/wp\/v2\/posts\/33786\/revisions"}],"predecessor-version":[{"id":33790,"href":"http:\/\/www.rcn-radio.org\/index.php\/wp-json\/wp\/v2\/posts\/33786\/revisions\/33790"}],"wp:attachment":[{"href":"http:\/\/www.rcn-radio.org\/index.php\/wp-json\/wp\/v2\/media?parent=33786"}],"wp:term":[{"taxonomy":"category","embeddable":true,"href":"http:\/\/www.rcn-radio.org\/index.php\/wp-json\/wp\/v2\/categories?post=33786"},{"taxonomy":"post_tag","embeddable":true,"href":"http:\/\/www.rcn-radio.org\/index.php\/wp-json\/wp\/v2\/tags?post=33786"}],"curies":[{"name":"wp","href":"https:\/\/api.w.org\/{rel}","templated":true}]}}