{"id":34153,"date":"2026-04-28T08:18:15","date_gmt":"2026-04-28T07:18:15","guid":{"rendered":"http:\/\/www.rcn-radio.org\/?p=34153"},"modified":"2026-04-28T08:18:53","modified_gmt":"2026-04-28T07:18:53","slug":"podcast-le-jazz-a-lhonneur-a-villers_les_nancy","status":"publish","type":"post","link":"http:\/\/www.rcn-radio.org\/index.php\/podcast-le-jazz-a-lhonneur-a-villers_les_nancy\/","title":{"rendered":"[PODCAST] Le jazz \u00e0 l&rsquo;honneur \u00e0 Villers-l\u00e8s-Nancy"},"content":{"rendered":"<h1><span style=\"font-weight: 400;\"><img decoding=\"async\" loading=\"lazy\" class=\"size-full wp-image-34154 alignleft\" src=\"http:\/\/www.rcn-radio.org\/wp-content\/uploads\/2026\/04\/2026_04_28_jazz_a_villers.png\" alt=\"\" width=\"300\" height=\"212\" \/>Le jazz sera \u00e0 l&rsquo;honneur \u00e0 Villers-l\u00e8s-Nancy \u00e0 l&rsquo;occasion de la premi\u00e8re \u00e9dition du festival Jazz \u00e0 Villers qui aura lieu le jeudi 30 avril et le vendredi 1er mai. Une programmation riche et gratuite avec de nombreuses animations et une centaine de musiciens r\u00e9unis sur deux jours. <\/span><\/h1>\n\n\n<figure class=\"wp-block-audio\"><audio controls src=\"http:\/\/www.rcn-radio.org\/wp-content\/uploads\/2026\/04\/2026_04_28_festival_jazz_a_villers.mp3\"><\/audio><\/figure>\n","protected":false},"excerpt":{"rendered":"<p>Le jazz sera \u00e0 l&rsquo;honneur \u00e0 Villers-l\u00e8s-Nancy \u00e0 l&rsquo;occasion de la premi\u00e8re \u00e9dition du festival Jazz \u00e0 Villers qui aura lieu le jeudi 30 avril et le vendredi 1er mai. Une programmation riche et gratuite avec de nombreuses animations et une centaine de musiciens r\u00e9unis sur deux jours.<\/p>\n","protected":false},"author":25,"featured_media":0,"comment_status":"open","ping_status":"open","sticky":false,"template":"","format":"standard","meta":[],"categories":[1],"tags":[],"_links":{"self":[{"href":"http:\/\/www.rcn-radio.org\/index.php\/wp-json\/wp\/v2\/posts\/34153"}],"collection":[{"href":"http:\/\/www.rcn-radio.org\/index.php\/wp-json\/wp\/v2\/posts"}],"about":[{"href":"http:\/\/www.rcn-radio.org\/index.php\/wp-json\/wp\/v2\/types\/post"}],"author":[{"embeddable":true,"href":"http:\/\/www.rcn-radio.org\/index.php\/wp-json\/wp\/v2\/users\/25"}],"replies":[{"embeddable":true,"href":"http:\/\/www.rcn-radio.org\/index.php\/wp-json\/wp\/v2\/comments?post=34153"}],"version-history":[{"count":4,"href":"http:\/\/www.rcn-radio.org\/index.php\/wp-json\/wp\/v2\/posts\/34153\/revisions"}],"predecessor-version":[{"id":34160,"href":"http:\/\/www.rcn-radio.org\/index.php\/wp-json\/wp\/v2\/posts\/34153\/revisions\/34160"}],"wp:attachment":[{"href":"http:\/\/www.rcn-radio.org\/index.php\/wp-json\/wp\/v2\/media?parent=34153"}],"wp:term":[{"taxonomy":"category","embeddable":true,"href":"http:\/\/www.rcn-radio.org\/index.php\/wp-json\/wp\/v2\/categories?post=34153"},{"taxonomy":"post_tag","embeddable":true,"href":"http:\/\/www.rcn-radio.org\/index.php\/wp-json\/wp\/v2\/tags?post=34153"}],"curies":[{"name":"wp","href":"https:\/\/api.w.org\/{rel}","templated":true}]}}